{"id":24243,"date":"2026-09-03T03:21:33","date_gmt":"2026-09-03T03:21:33","guid":{"rendered":"https:\/\/semanariochilecitotv.com.ar\/?p=24243"},"modified":"2026-09-03T03:21:33","modified_gmt":"2026-09-03T03:21:33","slug":"defensa-del-consumidor-amplia-su-horario-de-atencion-para-facilitar-las-gestiones-de-usuarios","status":"publish","type":"post","link":"https:\/\/semanariochilecitotv.com.ar\/index.php\/2026\/09\/03\/defensa-del-consumidor-amplia-su-horario-de-atencion-para-facilitar-las-gestiones-de-usuarios\/","title":{"rendered":"Defensa del Consumidor ampl\u00eda su horario de atenci\u00f3n para facilitar las gestiones de usuarios"},"content":{"rendered":"<p>La oficina de la Subsecretar\u00eda de Comercio Interior y Defensa del Consumidor en Capital incorpor\u00f3 atenci\u00f3n vespertina de lunes a viernes. La dependencia ubicada en Pelagio B. Luna 816 atender\u00e1 de 8.30 a 12.30 y de 18 a 20 horas, ampliando las posibilidades para realizar consultas, reclamos y tr\u00e1mites.<!--more--><\/p>\n<p>La Subsecretar\u00eda de Comercio Interior y Defensa del Consumidor ampli\u00f3 su horario de atenci\u00f3n al p\u00fablico en la ciudad Capital, incorporando una nueva franja vespertina para facilitar el acceso de consumidores y usuarios a los servicios que brinda el organismo.<\/p>\n<p>A partir del nuevo esquema, la oficina ubicada en Pelagio B. Luna 816, casi esquina Catamarca, atender\u00e1 de lunes a viernes en dos turnos: de 8.30 a 12.30 horas por la ma\u00f1ana y de 18 a 20 horas por la tarde.<\/p>\n<p>La ampliaci\u00f3n busca ofrecer mayores posibilidades a quienes necesiten realizar consultas, reclamos o gestiones y, especialmente, a aquellas personas que por razones laborales u otras actividades no pueden acercarse a la dependencia durante la ma\u00f1ana.<\/p>\n<p>Nuevo horario de atenci\u00f3n<\/p>\n<p>La oficina de Capital atender\u00e1 de lunes a viernes en los siguientes horarios:<\/p>\n<p>Por la ma\u00f1ana: de 8.30 a 12.30 horas.<\/p>\n<p>Por la tarde: de 18 a 20 horas.<\/p>\n<p>Direcci\u00f3n: Pelagio B. Luna 816, casi esquina Catamarca.<\/p>\n<p>De esta manera, Defensa del Consumidor ampl\u00eda las alternativas de atenci\u00f3n presencial y facilita el acceso de consumidores y usuarios a los mecanismos de asesoramiento, recepci\u00f3n de reclamos y protecci\u00f3n de sus derechos.<\/p>\n","protected":false},"excerpt":{"rendered":"<p>La oficina de la Subsecretar\u00eda de Comercio Interior y Defensa del Consumidor en Capital incorpor\u00f3 atenci\u00f3n vespertina de lunes a viernes. La dependencia ubicada en Pelagio B. Luna 816 atender\u00e1 de 8.30 a 12.30 y de 18 a 20 horas,&#8230;<\/p>\n","protected":false},"author":1,"featured_media":24244,"comment_status":"closed","ping_status":"closed","sticky":false,"template":"","format":"standard","meta":{"footnotes":""},"categories":[3],"tags":[],"class_list":["post-24243","post","type-post","status-publish","format-standard","has-post-thumbnail","hentry","category-provinciales"],"_links":{"self":[{"href":"https:\/\/semanariochilecitotv.com.ar\/index.php\/wp-json\/wp\/v2\/posts\/24243","targetHints":{"allow":["GET"]}}],"collection":[{"href":"https:\/\/semanariochilecitotv.com.ar\/index.php\/wp-json\/wp\/v2\/posts"}],"about":[{"href":"https:\/\/semanariochilecitotv.com.ar\/index.php\/wp-json\/wp\/v2\/types\/post"}],"author":[{"embeddable":true,"href":"https:\/\/semanariochilecitotv.com.ar\/index.php\/wp-json\/wp\/v2\/users\/1"}],"replies":[{"embeddable":true,"href":"https:\/\/semanariochilecitotv.com.ar\/index.php\/wp-json\/wp\/v2\/comments?post=24243"}],"version-history":[{"count":1,"href":"https:\/\/semanariochilecitotv.com.ar\/index.php\/wp-json\/wp\/v2\/posts\/24243\/revisions"}],"predecessor-version":[{"id":24245,"href":"https:\/\/semanariochilecitotv.com.ar\/index.php\/wp-json\/wp\/v2\/posts\/24243\/revisions\/24245"}],"wp:featuredmedia":[{"embeddable":true,"href":"https:\/\/semanariochilecitotv.com.ar\/index.php\/wp-json\/wp\/v2\/media\/24244"}],"wp:attachment":[{"href":"https:\/\/semanariochilecitotv.com.ar\/index.php\/wp-json\/wp\/v2\/media?parent=24243"}],"wp:term":[{"taxonomy":"category","embeddable":true,"href":"https:\/\/semanariochilecitotv.com.ar\/index.php\/wp-json\/wp\/v2\/categories?post=24243"},{"taxonomy":"post_tag","embeddable":true,"href":"https:\/\/semanariochilecitotv.com.ar\/index.php\/wp-json\/wp\/v2\/tags?post=24243"}],"curies":[{"name":"wp","href":"https:\/\/api.w.org\/{rel}","templated":true}]}}