{"id":24240,"date":"2026-09-03T03:14:11","date_gmt":"2026-09-03T03:14:11","guid":{"rendered":"https:\/\/semanariochilecitotv.com.ar\/?p=24240"},"modified":"2026-09-03T03:14:11","modified_gmt":"2026-09-03T03:14:11","slug":"capacitacion-sobre-el-manejo-del-gorgojo-de-la-nuez","status":"publish","type":"post","link":"https:\/\/semanariochilecitotv.com.ar\/index.php\/2026\/09\/03\/capacitacion-sobre-el-manejo-del-gorgojo-de-la-nuez\/","title":{"rendered":"Capacitaci\u00f3n sobre el manejo del gorgojo de la nuez"},"content":{"rendered":"<p>Con una importante participaci\u00f3n de productores nogaleros y vecinos vinculados a la actividad productiva, se desarroll\u00f3 en la Delegaci\u00f3n Municipal de Miranda una charla-capacitaci\u00f3n sobre el manejo del gorgojo de la nuez.<!--more--><\/p>\n<p>La actividad fue organizada conjuntamente por INTA Chilecito y el Gobierno Municipal, a trav\u00e9s de la Secretar\u00eda de Producci\u00f3n, y tuvo como primera disertante a la Ing. Sonia Aybar, quien brind\u00f3 herramientas y conocimientos para el manejo de esta plaga que afecta a la producci\u00f3n nogalera.<\/p>\n<p>El secretario de Producci\u00f3n, Oscar Soteras, acompa\u00f1\u00f3 la jornada y destac\u00f3 el inter\u00e9s y la participaci\u00f3n de los productores y de la comunidad en general, reafirmando la importancia de generar estos espacios de capacitaci\u00f3n para fortalecer y acompa\u00f1ar al sector productivo local.<\/p>\n","protected":false},"excerpt":{"rendered":"<p>Con una importante participaci\u00f3n de productores nogaleros y vecinos vinculados a la actividad productiva, se desarroll\u00f3 en la Delegaci\u00f3n Municipal de Miranda una charla-capacitaci\u00f3n sobre el manejo del gorgojo de la nuez.<\/p>\n","protected":false},"author":1,"featured_media":24241,"comment_status":"closed","ping_status":"closed","sticky":false,"template":"","format":"standard","meta":{"footnotes":""},"categories":[16],"tags":[],"class_list":["post-24240","post","type-post","status-publish","format-standard","has-post-thumbnail","hentry","category-produccion"],"_links":{"self":[{"href":"https:\/\/semanariochilecitotv.com.ar\/index.php\/wp-json\/wp\/v2\/posts\/24240","targetHints":{"allow":["GET"]}}],"collection":[{"href":"https:\/\/semanariochilecitotv.com.ar\/index.php\/wp-json\/wp\/v2\/posts"}],"about":[{"href":"https:\/\/semanariochilecitotv.com.ar\/index.php\/wp-json\/wp\/v2\/types\/post"}],"author":[{"embeddable":true,"href":"https:\/\/semanariochilecitotv.com.ar\/index.php\/wp-json\/wp\/v2\/users\/1"}],"replies":[{"embeddable":true,"href":"https:\/\/semanariochilecitotv.com.ar\/index.php\/wp-json\/wp\/v2\/comments?post=24240"}],"version-history":[{"count":1,"href":"https:\/\/semanariochilecitotv.com.ar\/index.php\/wp-json\/wp\/v2\/posts\/24240\/revisions"}],"predecessor-version":[{"id":24242,"href":"https:\/\/semanariochilecitotv.com.ar\/index.php\/wp-json\/wp\/v2\/posts\/24240\/revisions\/24242"}],"wp:featuredmedia":[{"embeddable":true,"href":"https:\/\/semanariochilecitotv.com.ar\/index.php\/wp-json\/wp\/v2\/media\/24241"}],"wp:attachment":[{"href":"https:\/\/semanariochilecitotv.com.ar\/index.php\/wp-json\/wp\/v2\/media?parent=24240"}],"wp:term":[{"taxonomy":"category","embeddable":true,"href":"https:\/\/semanariochilecitotv.com.ar\/index.php\/wp-json\/wp\/v2\/categories?post=24240"},{"taxonomy":"post_tag","embeddable":true,"href":"https:\/\/semanariochilecitotv.com.ar\/index.php\/wp-json\/wp\/v2\/tags?post=24240"}],"curies":[{"name":"wp","href":"https:\/\/api.w.org\/{rel}","templated":true}]}}