{"id":24237,"date":"2026-09-03T03:09:18","date_gmt":"2026-09-03T03:09:18","guid":{"rendered":"https:\/\/semanariochilecitotv.com.ar\/?p=24237"},"modified":"2026-09-03T03:09:18","modified_gmt":"2026-09-03T03:09:18","slug":"recuperacion-de-elemento-2","status":"publish","type":"post","link":"https:\/\/semanariochilecitotv.com.ar\/index.php\/2026\/09\/03\/recuperacion-de-elemento-2\/","title":{"rendered":"RECUPERACI\u00d3N DE ELEMENTO"},"content":{"rendered":"<p>En horas de esta ma\u00f1ana, el personal de este Departamento, en virtud de tareas investigativas, se constituy\u00f3 en el distrito Malligasta, donde entrevist\u00f3 al ciudadano de apellido Verasay, quien manifest\u00f3 que hace aproximadamente dos semanas su yerno dej\u00f3 en su domicilio una soldadora luego de realizar trabajos en la vivienda.<!--more--><\/p>\n<p>Al tomar conocimiento de la procedencia del elemento, decidi\u00f3 colaborar con la Justicia haciendo entrega voluntaria del mismo.<\/p>\n<p>01 m\u00e1quina soldadora, marca Gamma, color celeste.<\/p>\n<p>El elemento fue trasladado a esta dependencia, quedando en calidad de dep\u00f3sito, continu\u00e1ndose con las diligencias de rigor para el esclarecimiento del hecho.<\/p>\n<p>El procedimiento guarda relaci\u00f3n con denuncia radicada por un ciudadano de apellido Alcaraz, por el supuesto delito de Hurto (Art. 162 del C.P.A.).<\/p>\n","protected":false},"excerpt":{"rendered":"<p>En horas de esta ma\u00f1ana, el personal de este Departamento, en virtud de tareas investigativas, se constituy\u00f3 en el distrito Malligasta, donde entrevist\u00f3 al ciudadano de apellido Verasay, quien manifest\u00f3 que hace aproximadamente dos semanas su yerno dej\u00f3 en su&#8230;<\/p>\n","protected":false},"author":1,"featured_media":24238,"comment_status":"closed","ping_status":"closed","sticky":false,"template":"","format":"standard","meta":{"footnotes":""},"categories":[17],"tags":[],"class_list":["post-24237","post","type-post","status-publish","format-standard","has-post-thumbnail","hentry","category-policiales"],"_links":{"self":[{"href":"https:\/\/semanariochilecitotv.com.ar\/index.php\/wp-json\/wp\/v2\/posts\/24237","targetHints":{"allow":["GET"]}}],"collection":[{"href":"https:\/\/semanariochilecitotv.com.ar\/index.php\/wp-json\/wp\/v2\/posts"}],"about":[{"href":"https:\/\/semanariochilecitotv.com.ar\/index.php\/wp-json\/wp\/v2\/types\/post"}],"author":[{"embeddable":true,"href":"https:\/\/semanariochilecitotv.com.ar\/index.php\/wp-json\/wp\/v2\/users\/1"}],"replies":[{"embeddable":true,"href":"https:\/\/semanariochilecitotv.com.ar\/index.php\/wp-json\/wp\/v2\/comments?post=24237"}],"version-history":[{"count":1,"href":"https:\/\/semanariochilecitotv.com.ar\/index.php\/wp-json\/wp\/v2\/posts\/24237\/revisions"}],"predecessor-version":[{"id":24239,"href":"https:\/\/semanariochilecitotv.com.ar\/index.php\/wp-json\/wp\/v2\/posts\/24237\/revisions\/24239"}],"wp:featuredmedia":[{"embeddable":true,"href":"https:\/\/semanariochilecitotv.com.ar\/index.php\/wp-json\/wp\/v2\/media\/24238"}],"wp:attachment":[{"href":"https:\/\/semanariochilecitotv.com.ar\/index.php\/wp-json\/wp\/v2\/media?parent=24237"}],"wp:term":[{"taxonomy":"category","embeddable":true,"href":"https:\/\/semanariochilecitotv.com.ar\/index.php\/wp-json\/wp\/v2\/categories?post=24237"},{"taxonomy":"post_tag","embeddable":true,"href":"https:\/\/semanariochilecitotv.com.ar\/index.php\/wp-json\/wp\/v2\/tags?post=24237"}],"curies":[{"name":"wp","href":"https:\/\/api.w.org\/{rel}","templated":true}]}}