{"id":24234,"date":"2026-09-03T03:05:13","date_gmt":"2026-09-03T03:05:13","guid":{"rendered":"https:\/\/semanariochilecitotv.com.ar\/?p=24234"},"modified":"2026-09-03T03:05:13","modified_gmt":"2026-09-03T03:05:13","slug":"la-provincia-amplia-su-capacidad-industrial-con-dos-nuevas-plantas-y-150-puestos-de-trabajo","status":"publish","type":"post","link":"https:\/\/semanariochilecitotv.com.ar\/index.php\/2026\/09\/03\/la-provincia-amplia-su-capacidad-industrial-con-dos-nuevas-plantas-y-150-puestos-de-trabajo\/","title":{"rendered":"La Provincia ampl\u00eda su capacidad industrial con dos nuevas plantas y 150 puestos de trabajo"},"content":{"rendered":"<p>El gobernador Ricardo Quintela recorri\u00f3 los avances de la expansi\u00f3n de ENOD en el Parque Industrial, donde la Provincia cedi\u00f3 en comodato dos naves para ampliar la producci\u00f3n de la firma. El proyecto prev\u00e9 incorporar gradualmente a 150 trabajadores riojanos: 70 ya se encuentran en capacitaci\u00f3n y pr\u00f3ximamente comenzar\u00e1 la formaci\u00f3n de otros 80. La inversi\u00f3n avanza en un contexto nacional marcado por la ca\u00edda de la actividad y la p\u00e9rdida de empleo industrial.<!--more--><\/p>\n<p>En el marco del D\u00eda de la Industria, el gobernador Ricardo Quintela recorri\u00f3 este mi\u00e9rcoles una de las nuevas plantas de ENOD, perteneciente al Grupo CLADD, y supervis\u00f3 el avance del proyecto de expansi\u00f3n que permitir\u00e1 ampliar la producci\u00f3n textil y generar 150 nuevos puestos de trabajo en La Rioja.<\/p>\n<p>El proyecto se desarrolla en dos naves que el Gobierno provincial entreg\u00f3 en comodato a la empresa en el Parque Industrial. La primera, correspondiente a la ex Debefil, presenta un 90% de avance en su montaje y funcionar\u00e1 como hilander\u00eda, mientras se aguarda la potencia el\u00e9ctrica necesaria para su puesta en funcionamiento. La segunda registra actualmente un avance de obra del 15%.<\/p>\n<p>La ampliaci\u00f3n adquiere especial relevancia frente al escenario que atraviesa la industria nacional y, particularmente, sectores como el textil, afectados por la ca\u00edda de la actividad y la p\u00e9rdida de puestos laborales.<\/p>\n<p>150 nuevos trabajadores riojanos<\/p>\n<p>Durante la recorrida, Quintela destac\u00f3 la decisi\u00f3n de acompa\u00f1ar una inversi\u00f3n que permitir\u00e1 ampliar la capacidad productiva instalada en la provincia y generar nuevas oportunidades laborales.<\/p>\n<p>\u201cEs una ampliaci\u00f3n de la f\u00e1brica que est\u00e1 ac\u00e1 en el Parque Industrial, que ampl\u00eda su esquema productivo, gracias a Dios, y permite la contrataci\u00f3n de 150 nuevos trabajadores del sector textil. Le agradecemos a los empresarios y gerentes por recibirnos y mostrarnos el trabajo que est\u00e1n realizando\u201d, expres\u00f3.<\/p>\n<p>El Gobernador explic\u00f3 adem\u00e1s el acompa\u00f1amiento realizado desde el Estado provincial: \u201cNosotros entregamos en comodato dos naves y ellos est\u00e1n armando su l\u00ednea de producci\u00f3n, instalando el equipamiento y, de paso, preparando y capacitando a los 150 nuevos trabajadores que va a tener la empresa, en dos etapas\u201d.<\/p>\n<p>Actualmente, m\u00e1s de 70 personas llevan dos meses capacit\u00e1ndose para incorporarse a la primera planta, que se encuentra pr\u00f3xima a entrar en funcionamiento. Posteriormente comenzar\u00e1 la formaci\u00f3n t\u00e9cnica de los 80 trabajadores restantes, destinados a la segunda nave.<\/p>\n<p>Quintela puso el proyecto en perspectiva con la situaci\u00f3n econ\u00f3mica del pa\u00eds y se\u00f1al\u00f3 que \u201cen todas las provincias argentinas, incluida la nuestra, se sufren las consecuencias de esta pol\u00edtica econ\u00f3mica, en la que han cerrado empresas, se han perdido puestos de trabajo y gente ha quedado desempleada sin el sustento diario para sus hijos\u201d.<\/p>\n<p>En ese marco, valor\u00f3 especialmente la posibilidad de generar empleo industrial en la provincia. \u201cMe llevo la satisfacci\u00f3n de que 150 familias van a tener garantizados sus puestos de trabajo; espero que sepan aprovecharlo. A pesar de que perdimos puestos de trabajo, tanto en el sector p\u00fablico como en el privado, tenemos la posibilidad de incrementar la mano de obra en la industria textil, que es la m\u00e1s castigada junto con la construcci\u00f3n\u201d, sostuvo.<\/p>\n<p>Finalmente, consider\u00f3 que \u201ces el comienzo de un nuevo esquema que se tiene que armar en el pa\u00eds, y en 2027 comenzar una nueva historia en la Rep\u00fablica Argentina\u201d.<\/p>\n<p>Una apuesta productiva en un escenario complejo<\/p>\n<p>El ministro de Trabajo, Empleo, Industria y Miner\u00eda, Federico Baz\u00e1n, remarc\u00f3 que la ampliaci\u00f3n se produce \u201cen un contexto muy complejo y una reestructuraci\u00f3n productiva de la empresa que mira a La Rioja con buenos ojos a futuro\u201d.<\/p>\n<p>Por su parte, el secretario de Industria, Juan S\u00e1nchez, consider\u00f3 que el proyecto representa una se\u00f1al alentadora en el D\u00eda de la Industria. \u201cEsto representa el esfuerzo que viene realizando el Gobierno de la Provincia de La Rioja de sostener su pol\u00edtica de acompa\u00f1amiento a la industria y el esfuerzo de la empresa por seguir invirtiendo\u201d, afirm\u00f3.<\/p>\n<p>El gerente de Operaciones de la planta de hilander\u00eda de ENOD, Ra\u00fal Oviedo, explic\u00f3 que la nueva nave, denominada Planta 6, proyecta alcanzar una producci\u00f3n de 200 toneladas mensuales de hilado convencional y destac\u00f3 la decisi\u00f3n empresarial de apostar por la calidad de la mano de obra local.<\/p>\n<p>La expansi\u00f3n de ENOD materializa as\u00ed la articulaci\u00f3n entre el Estado provincial y el sector privado para sostener la actividad industrial, ampliar la capacidad productiva y generar empleo riojano, en un contexto especialmente adverso para la industria textil.<\/p>\n","protected":false},"excerpt":{"rendered":"<p>El gobernador Ricardo Quintela recorri\u00f3 los avances de la expansi\u00f3n de ENOD en el Parque Industrial, donde la Provincia cedi\u00f3 en comodato dos naves para ampliar la producci\u00f3n de la firma. El proyecto prev\u00e9 incorporar gradualmente a 150 trabajadores riojanos:&#8230;<\/p>\n","protected":false},"author":1,"featured_media":24235,"comment_status":"closed","ping_status":"closed","sticky":false,"template":"","format":"standard","meta":{"footnotes":""},"categories":[16],"tags":[],"class_list":["post-24234","post","type-post","status-publish","format-standard","has-post-thumbnail","hentry","category-produccion"],"_links":{"self":[{"href":"https:\/\/semanariochilecitotv.com.ar\/index.php\/wp-json\/wp\/v2\/posts\/24234","targetHints":{"allow":["GET"]}}],"collection":[{"href":"https:\/\/semanariochilecitotv.com.ar\/index.php\/wp-json\/wp\/v2\/posts"}],"about":[{"href":"https:\/\/semanariochilecitotv.com.ar\/index.php\/wp-json\/wp\/v2\/types\/post"}],"author":[{"embeddable":true,"href":"https:\/\/semanariochilecitotv.com.ar\/index.php\/wp-json\/wp\/v2\/users\/1"}],"replies":[{"embeddable":true,"href":"https:\/\/semanariochilecitotv.com.ar\/index.php\/wp-json\/wp\/v2\/comments?post=24234"}],"version-history":[{"count":1,"href":"https:\/\/semanariochilecitotv.com.ar\/index.php\/wp-json\/wp\/v2\/posts\/24234\/revisions"}],"predecessor-version":[{"id":24236,"href":"https:\/\/semanariochilecitotv.com.ar\/index.php\/wp-json\/wp\/v2\/posts\/24234\/revisions\/24236"}],"wp:featuredmedia":[{"embeddable":true,"href":"https:\/\/semanariochilecitotv.com.ar\/index.php\/wp-json\/wp\/v2\/media\/24235"}],"wp:attachment":[{"href":"https:\/\/semanariochilecitotv.com.ar\/index.php\/wp-json\/wp\/v2\/media?parent=24234"}],"wp:term":[{"taxonomy":"category","embeddable":true,"href":"https:\/\/semanariochilecitotv.com.ar\/index.php\/wp-json\/wp\/v2\/categories?post=24234"},{"taxonomy":"post_tag","embeddable":true,"href":"https:\/\/semanariochilecitotv.com.ar\/index.php\/wp-json\/wp\/v2\/tags?post=24234"}],"curies":[{"name":"wp","href":"https:\/\/api.w.org\/{rel}","templated":true}]}}