{"id":24227,"date":"2026-09-01T03:16:35","date_gmt":"2026-09-01T03:16:35","guid":{"rendered":"https:\/\/semanariochilecitotv.com.ar\/?p=24227"},"modified":"2026-09-01T03:16:35","modified_gmt":"2026-09-01T03:16:35","slug":"convocatoria-a-bodegas","status":"publish","type":"post","link":"https:\/\/semanariochilecitotv.com.ar\/index.php\/2026\/09\/01\/convocatoria-a-bodegas\/","title":{"rendered":"CONVOCATORIA A BODEGAS"},"content":{"rendered":"<p>Se Invita a las bodegas a participar de EVINOR 2026, que se realizar\u00e1 el d\u00eda 03 de octubre en la ciudad de Chilecito, La Rioja.<!--more--><\/p>\n<p>En esta nueva edici\u00f3n, EVINOR reafirma su lugar como el encuentro vitivin\u00edcola m\u00e1s relevante del NOA, convocando a prestigiosas bodegas de Salta, Tucum\u00e1n, Santiago del Estero, Catamarca, C\u00f3rdoba, Jujuy y La Rioja para evaluar, premiar\u00a0 y celebrar la excelencia del vino del noroeste argentino.<\/p>\n<p>Fecha l\u00edmite de presentaci\u00f3n de muestras: EVINOR 2026: 04\/09\/2026<\/p>\n","protected":false},"excerpt":{"rendered":"<p>Se Invita a las bodegas a participar de EVINOR 2026, que se realizar\u00e1 el d\u00eda 03 de octubre en la ciudad de Chilecito, La Rioja.<\/p>\n","protected":false},"author":1,"featured_media":24228,"comment_status":"closed","ping_status":"closed","sticky":false,"template":"","format":"standard","meta":{"footnotes":""},"categories":[16],"tags":[],"class_list":["post-24227","post","type-post","status-publish","format-standard","has-post-thumbnail","hentry","category-produccion"],"_links":{"self":[{"href":"https:\/\/semanariochilecitotv.com.ar\/index.php\/wp-json\/wp\/v2\/posts\/24227","targetHints":{"allow":["GET"]}}],"collection":[{"href":"https:\/\/semanariochilecitotv.com.ar\/index.php\/wp-json\/wp\/v2\/posts"}],"about":[{"href":"https:\/\/semanariochilecitotv.com.ar\/index.php\/wp-json\/wp\/v2\/types\/post"}],"author":[{"embeddable":true,"href":"https:\/\/semanariochilecitotv.com.ar\/index.php\/wp-json\/wp\/v2\/users\/1"}],"replies":[{"embeddable":true,"href":"https:\/\/semanariochilecitotv.com.ar\/index.php\/wp-json\/wp\/v2\/comments?post=24227"}],"version-history":[{"count":1,"href":"https:\/\/semanariochilecitotv.com.ar\/index.php\/wp-json\/wp\/v2\/posts\/24227\/revisions"}],"predecessor-version":[{"id":24229,"href":"https:\/\/semanariochilecitotv.com.ar\/index.php\/wp-json\/wp\/v2\/posts\/24227\/revisions\/24229"}],"wp:featuredmedia":[{"embeddable":true,"href":"https:\/\/semanariochilecitotv.com.ar\/index.php\/wp-json\/wp\/v2\/media\/24228"}],"wp:attachment":[{"href":"https:\/\/semanariochilecitotv.com.ar\/index.php\/wp-json\/wp\/v2\/media?parent=24227"}],"wp:term":[{"taxonomy":"category","embeddable":true,"href":"https:\/\/semanariochilecitotv.com.ar\/index.php\/wp-json\/wp\/v2\/categories?post=24227"},{"taxonomy":"post_tag","embeddable":true,"href":"https:\/\/semanariochilecitotv.com.ar\/index.php\/wp-json\/wp\/v2\/tags?post=24227"}],"curies":[{"name":"wp","href":"https:\/\/api.w.org\/{rel}","templated":true}]}}