{"id":24224,"date":"2026-09-01T03:13:04","date_gmt":"2026-09-01T03:13:04","guid":{"rendered":"https:\/\/semanariochilecitotv.com.ar\/?p=24224"},"modified":"2026-09-01T03:13:04","modified_gmt":"2026-09-01T03:13:04","slug":"con-jornada-a-campo-y-drones-carpa-festejo-sus-53-anos","status":"publish","type":"post","link":"https:\/\/semanariochilecitotv.com.ar\/index.php\/2026\/09\/01\/con-jornada-a-campo-y-drones-carpa-festejo-sus-53-anos\/","title":{"rendered":"CON JORNADA A CAMPO Y DRONES CARPA FESTEJO SUS 53 A\u00d1OS"},"content":{"rendered":"<p>El pasado viernes\u00a0 28, desde las 12.15 hs en finca Ciudadela se llevo a cabo una jornada de campo en la cual la empresa de servicios agropecuarios Group Solution brind\u00f3 la charla: Agro 4.0 del desaf\u00edo h\u00eddrico a la revoluci\u00f3n a\u00e9rea, donde explicaron como los drones benefician a la agricultura, haciendo que la misma sea m\u00e1s medioambientalmente amigables al poder hacerse un uso mas cuidadoso y eficiente de los productos fitosanitarios<!--more--><\/p>\n<p>Al finalizar la charla se llev\u00f3 a cabo la demostraci\u00f3n a campo del vuelo de los drones mostrando sus capacidades y versatilidad.<\/p>\n<p>Luego de la demostraci\u00f3n los asistentes compartieron un almuerzo y brindaron por el 53\u00b0 aniversario de CARPA, el cual fue realizado por el Ing. Mario H. Gonz\u00e1lez, presidente de la C\u00e1mara, quien manifest\u00f3 su benepl\u00e1cito por la jornada llevada a cabo y resalto los a\u00f1os de labor de la instituci\u00f3n, sus pilares que la sustentan y la necesidad de permanecer unidos en tiempo dif\u00edciles, convencido de que en la uni\u00f3n esta la fuerza.<\/p>\n<p>Los tiempos son dif\u00edciles pero siempre es bueno seguir mirando al futuro y tener en cuenta los avances que se nos presentan.<\/p>\n","protected":false},"excerpt":{"rendered":"<p>El pasado viernes\u00a0 28, desde las 12.15 hs en finca Ciudadela se llevo a cabo una jornada de campo en la cual la empresa de servicios agropecuarios Group Solution brind\u00f3 la charla: Agro 4.0 del desaf\u00edo h\u00eddrico a la revoluci\u00f3n&#8230;<\/p>\n","protected":false},"author":1,"featured_media":24225,"comment_status":"closed","ping_status":"closed","sticky":false,"template":"","format":"standard","meta":{"footnotes":""},"categories":[16],"tags":[],"class_list":["post-24224","post","type-post","status-publish","format-standard","has-post-thumbnail","hentry","category-produccion"],"_links":{"self":[{"href":"https:\/\/semanariochilecitotv.com.ar\/index.php\/wp-json\/wp\/v2\/posts\/24224","targetHints":{"allow":["GET"]}}],"collection":[{"href":"https:\/\/semanariochilecitotv.com.ar\/index.php\/wp-json\/wp\/v2\/posts"}],"about":[{"href":"https:\/\/semanariochilecitotv.com.ar\/index.php\/wp-json\/wp\/v2\/types\/post"}],"author":[{"embeddable":true,"href":"https:\/\/semanariochilecitotv.com.ar\/index.php\/wp-json\/wp\/v2\/users\/1"}],"replies":[{"embeddable":true,"href":"https:\/\/semanariochilecitotv.com.ar\/index.php\/wp-json\/wp\/v2\/comments?post=24224"}],"version-history":[{"count":1,"href":"https:\/\/semanariochilecitotv.com.ar\/index.php\/wp-json\/wp\/v2\/posts\/24224\/revisions"}],"predecessor-version":[{"id":24226,"href":"https:\/\/semanariochilecitotv.com.ar\/index.php\/wp-json\/wp\/v2\/posts\/24224\/revisions\/24226"}],"wp:featuredmedia":[{"embeddable":true,"href":"https:\/\/semanariochilecitotv.com.ar\/index.php\/wp-json\/wp\/v2\/media\/24225"}],"wp:attachment":[{"href":"https:\/\/semanariochilecitotv.com.ar\/index.php\/wp-json\/wp\/v2\/media?parent=24224"}],"wp:term":[{"taxonomy":"category","embeddable":true,"href":"https:\/\/semanariochilecitotv.com.ar\/index.php\/wp-json\/wp\/v2\/categories?post=24224"},{"taxonomy":"post_tag","embeddable":true,"href":"https:\/\/semanariochilecitotv.com.ar\/index.php\/wp-json\/wp\/v2\/tags?post=24224"}],"curies":[{"name":"wp","href":"https:\/\/api.w.org\/{rel}","templated":true}]}}