{"id":24221,"date":"2026-09-01T03:09:13","date_gmt":"2026-09-01T03:09:13","guid":{"rendered":"https:\/\/semanariochilecitotv.com.ar\/?p=24221"},"modified":"2026-09-01T03:09:13","modified_gmt":"2026-09-01T03:09:13","slug":"la-provincia-baja-20-puntos-las-tasas-de-banco-rioja-y-ofrece-nuevas-opciones-para-regularizar-deudas","status":"publish","type":"post","link":"https:\/\/semanariochilecitotv.com.ar\/index.php\/2026\/09\/01\/la-provincia-baja-20-puntos-las-tasas-de-banco-rioja-y-ofrece-nuevas-opciones-para-regularizar-deudas\/","title":{"rendered":"La Provincia baja 20 puntos las tasas de Banco Rioja y ofrece nuevas opciones para regularizar deudas"},"content":{"rendered":"<p>Las medidas incluyen nuevas tasas para pr\u00e9stamos personales, condiciones especiales para clientes con una mora de 90 d\u00edas o m\u00e1s y un plan de reestructuraci\u00f3n de deudas de tarjetas Mastercard en hasta 36 meses.<!--more--><\/p>\n<p>El Gobierno de La Rioja dio a conocer este lunes tres nuevas medidas que ya se encuentran operativas a trav\u00e9s de Banco Rioja, destinadas a reducir el costo del cr\u00e9dito y facilitar la regularizaci\u00f3n de deudas de las familias riojanas.<\/p>\n<p>La primera medida consiste en una reducci\u00f3n acumulada de 20 puntos en las tasas de los pr\u00e9stamos personales: 10 puntos aplicados al comienzo de agosto y otros 10 incorporados desde este lunes 31. De esta manera, la tasa ser\u00e1 del 52% para cr\u00e9ditos a 12 meses y del 56% para plazos de hasta 36 meses, equipar\u00e1ndose con las condiciones ofrecidas por Banco Naci\u00f3n.<\/p>\n<p>La reducci\u00f3n est\u00e1 disponible para empleados p\u00fablicos, jubilados y trabajadores de empresas privadas que acreditan sus haberes en Banco Rioja. Alcanza tanto a nuevos pr\u00e9stamos como al refinanciamiento de cr\u00e9ditos vigentes para clientes que se encuentren al d\u00eda, sujeto a las condiciones crediticias correspondientes.<\/p>\n<p>En ese marco, el ministro Federico Baz\u00e1n explic\u00f3 que la medida fue pensada como \u201cun alivio financiero para las familias\u201d y se\u00f1al\u00f3 que las nuevas tasas se ubican \u201cen el piso del mercado\u201d. Tambi\u00e9n precis\u00f3 que comprende a empleados de la Administraci\u00f3n P\u00fablica, jubilados y trabajadores en relaci\u00f3n de dependencia de empresas privadas que cobran sus haberes a trav\u00e9s de Banco Rioja.<\/p>\n<p>La segunda herramienta est\u00e1 destinada a clientes con pr\u00e9stamos personales que registren una mora superior a 90 d\u00edas. Estas personas podr\u00e1n acercarse al banco para acceder a un esquema de reestructuraci\u00f3n con una tasa m\u00e1s baja y plazos de hasta 48 meses, sujeto a la evaluaci\u00f3n individual de cada situaci\u00f3n.<\/p>\n<p>La tercera medida contempla un plan de reestructuraci\u00f3n para clientes con saldos irregulares en tarjetas Mastercard Banco Rioja. La propuesta permitir\u00e1 refinanciar la deuda con tasa fija y en un plazo de hasta 36 meses, sujeto a evaluaci\u00f3n crediticia.<\/p>\n<p>Pol\u00edtica sostenida<\/p>\n<p>Durante la conferencia, el jefe de Gabinete, Juan Luna, destac\u00f3 que Banco Rioja equipar\u00f3 sus tasas con las de Banco Naci\u00f3n y remarc\u00f3: \u201cEl que quiera sacar un pr\u00e9stamo de Banco Rioja lo puede hacer con las mejores condiciones del mercado\u201d. Asimismo, sostuvo que estas decisiones buscan dar respuestas dentro del sistema formal y evitar condiciones poco claras o costos financieros desproporcionados.<\/p>\n<p>Por su parte, el secretario de la Gobernaci\u00f3n, Ricardo Herrera, se\u00f1al\u00f3 que las medidas forman parte de una pol\u00edtica sostenida y no de una acci\u00f3n aislada. \u201cMientras al Gobierno nacional le va bien con los bonos y el riesgo pa\u00eds, a la gente le va muy mal con la heladera, el salario y la deuda que est\u00e1 acumulando\u201d, expres\u00f3. Adem\u00e1s, puso en valor el esfuerzo provincial para abordar el endeudamiento formal e informal y las elevadas tasas de inter\u00e9s.<\/p>\n<p>En la misma l\u00ednea, el ministro de Hacienda y Finanzas, Fabi\u00e1n Blanco, afirm\u00f3 que se busca \u201cdar una soluci\u00f3n de manera universal, sin dejar a nadie afuera ante esta dif\u00edcil situaci\u00f3n que est\u00e1n atravesando todos los ciudadanos\u201d. Indic\u00f3, adem\u00e1s, que estas herramientas se suman a otras pol\u00edticas provinciales, como los BOCADE y las moratorias.<\/p>\n<p>Asimismo, el asesor general de Gobierno, Pedro Goyochea, explic\u00f3 que las medidas forman parte de un esquema integral de protecci\u00f3n establecido mediante el Decreto de Necesidad y Urgencia 1293\/2026, que declar\u00f3 la emergencia crediticia por 180 d\u00edas. Se\u00f1al\u00f3 que esta normativa contempla procedimientos para atender situaciones de mora y refinanciaci\u00f3n, adem\u00e1s de la inscripci\u00f3n y el control de los proveedores formales de pr\u00e9stamos. El prop\u00f3sito, indic\u00f3, es evitar que las familias queden atrapadas \u201cen un espiral que no tiene fin\u201d por las condiciones de financiamiento.<\/p>\n<p>En tanto que el ministro de Seguridad, Justicia y Derechos Humanos, Miguel Z\u00e1rate, inform\u00f3 que la Divisi\u00f3n de Delitos Econ\u00f3micos se encuentra a disposici\u00f3n para recibir denuncias de personas afectadas por pr\u00e1cticas de usura. \u201cCon nuestra fuerza de seguridad estamos tomando las denuncias de todas aquellas personas que son v\u00edctimas\u201d, expres\u00f3, y pidi\u00f3 a la comunidad que se anime a denunciar este tipo de delitos.<\/p>\n<p>Hacer frente al endeudamiento<\/p>\n<p>Las tres alternativas de Banco Rioja atienden situaciones diferentes: personas que se encuentran al d\u00eda y necesitan mejores condiciones de financiamiento, clientes con atrasos que buscan regularizar sus obligaciones y usuarios que requieren reestructurar deudas de tarjetas de cr\u00e9dito.<\/p>\n<p>Las medidas se implementan en un contexto nacional de creciente endeudamiento y deterioro de la capacidad de pago de los hogares. Desde el Gobierno provincial advirtieron que muchas familias recurren actualmente al cr\u00e9dito para afrontar gastos cotidianos y llegar a fin de mes, por lo que decidieron utilizar el banco p\u00fablico para ofrecer tasas m\u00e1s bajas, condiciones transparentes y alternativas concretas de refinanciamiento.<\/p>\n<p>Las personas interesadas pueden consultar por los pr\u00e9stamos personales y las opciones de regularizaci\u00f3n en el Anexo Belgrano de Banco Rioja, y por la reestructuraci\u00f3n de saldos de tarjetas a trav\u00e9s de Mastercard Banco Rioja. La entidad informar\u00e1 los requisitos y las condiciones particulares mediante sus canales oficiales.<\/p>\n","protected":false},"excerpt":{"rendered":"<p>Las medidas incluyen nuevas tasas para pr\u00e9stamos personales, condiciones especiales para clientes con una mora de 90 d\u00edas o m\u00e1s y un plan de reestructuraci\u00f3n de deudas de tarjetas Mastercard en hasta 36 meses.<\/p>\n","protected":false},"author":1,"featured_media":24222,"comment_status":"closed","ping_status":"closed","sticky":false,"template":"","format":"standard","meta":{"footnotes":""},"categories":[3],"tags":[],"class_list":["post-24221","post","type-post","status-publish","format-standard","has-post-thumbnail","hentry","category-provinciales"],"_links":{"self":[{"href":"https:\/\/semanariochilecitotv.com.ar\/index.php\/wp-json\/wp\/v2\/posts\/24221","targetHints":{"allow":["GET"]}}],"collection":[{"href":"https:\/\/semanariochilecitotv.com.ar\/index.php\/wp-json\/wp\/v2\/posts"}],"about":[{"href":"https:\/\/semanariochilecitotv.com.ar\/index.php\/wp-json\/wp\/v2\/types\/post"}],"author":[{"embeddable":true,"href":"https:\/\/semanariochilecitotv.com.ar\/index.php\/wp-json\/wp\/v2\/users\/1"}],"replies":[{"embeddable":true,"href":"https:\/\/semanariochilecitotv.com.ar\/index.php\/wp-json\/wp\/v2\/comments?post=24221"}],"version-history":[{"count":1,"href":"https:\/\/semanariochilecitotv.com.ar\/index.php\/wp-json\/wp\/v2\/posts\/24221\/revisions"}],"predecessor-version":[{"id":24223,"href":"https:\/\/semanariochilecitotv.com.ar\/index.php\/wp-json\/wp\/v2\/posts\/24221\/revisions\/24223"}],"wp:featuredmedia":[{"embeddable":true,"href":"https:\/\/semanariochilecitotv.com.ar\/index.php\/wp-json\/wp\/v2\/media\/24222"}],"wp:attachment":[{"href":"https:\/\/semanariochilecitotv.com.ar\/index.php\/wp-json\/wp\/v2\/media?parent=24221"}],"wp:term":[{"taxonomy":"category","embeddable":true,"href":"https:\/\/semanariochilecitotv.com.ar\/index.php\/wp-json\/wp\/v2\/categories?post=24221"},{"taxonomy":"post_tag","embeddable":true,"href":"https:\/\/semanariochilecitotv.com.ar\/index.php\/wp-json\/wp\/v2\/tags?post=24221"}],"curies":[{"name":"wp","href":"https:\/\/api.w.org\/{rel}","templated":true}]}}