{"id":24218,"date":"2026-09-01T03:04:11","date_gmt":"2026-09-01T03:04:11","guid":{"rendered":"https:\/\/semanariochilecitotv.com.ar\/?p=24218"},"modified":"2026-09-01T03:04:11","modified_gmt":"2026-09-01T03:04:11","slug":"iii-encuentro-de-estructuras-operativas-de-la-clac-de-comercio-justo","status":"publish","type":"post","link":"https:\/\/semanariochilecitotv.com.ar\/index.php\/2026\/09\/01\/iii-encuentro-de-estructuras-operativas-de-la-clac-de-comercio-justo\/","title":{"rendered":"III ENCUENTRO DE ESTRUCTURAS OPERATIVAS DE LA CLAC \u00a0DE COMERCIO JUSTO"},"content":{"rendered":"<p>Los d\u00edas 20 y 21 de agosto se realiz\u00f3 en Panam\u00e1 el III Encuentro de Estructuras Operativas de la Coordinadora Latinoamericana y del Caribe de Peque\u00f1os(as) Productores(as) y Trabajadores(as) de Comercio Justo (CLAC).<!--more--><\/p>\n<p>El encuentro reuni\u00f3 a representantes de las diferentes estructuras de la organizaci\u00f3n con el objetivo de fortalecer la articulaci\u00f3n, mejorar la comunicaci\u00f3n y compartir experiencias y buenas pr\u00e1cticas entre los pa\u00edses de la regi\u00f3n.<\/p>\n<p>CLAC representa a las organizaciones certificadas Fairtrade de Am\u00e9rica Latina y el Caribe y cuenta con 830 organizaciones en 23 pa\u00edses, vinculadas a una amplia diversidad de productos, entre ellos caf\u00e9, cacao, banano, az\u00facar, miel, frutas, flores, uvas, vino y quinoa.<\/p>\n<p>Durante las jornadas se trabaj\u00f3 sobre los reglamentos de las Coordinadoras Nacionales y las Redes, el avance de medio t\u00e9rmino del Plan Estrat\u00e9gico de CLAC y el Plan de Fortalecimiento de Estructuras Operativas. Tambi\u00e9n se compartieron experiencias de inclusi\u00f3n y gobernanza desarrolladas en Paraguay, Bolivia, M\u00e9xico y Rep\u00fablica Dominicana.<\/p>\n<p>Uno de los principales ejes de la segunda jornada fue la comunicaci\u00f3n entre las distintas estructuras de CLAC. Los participantes trabajaron en grupos para generar propuestas que permitan mejorar la articulaci\u00f3n entre el Consejo Directivo, las Coordinadoras Nacionales, las Redes, el Equipo Operativo y la membres\u00eda.<\/p>\n","protected":false},"excerpt":{"rendered":"<p>Los d\u00edas 20 y 21 de agosto se realiz\u00f3 en Panam\u00e1 el III Encuentro de Estructuras Operativas de la Coordinadora Latinoamericana y del Caribe de Peque\u00f1os(as) Productores(as) y Trabajadores(as) de Comercio Justo (CLAC).<\/p>\n","protected":false},"author":1,"featured_media":24219,"comment_status":"closed","ping_status":"closed","sticky":false,"template":"","format":"standard","meta":{"footnotes":""},"categories":[16],"tags":[],"class_list":["post-24218","post","type-post","status-publish","format-standard","has-post-thumbnail","hentry","category-produccion"],"_links":{"self":[{"href":"https:\/\/semanariochilecitotv.com.ar\/index.php\/wp-json\/wp\/v2\/posts\/24218","targetHints":{"allow":["GET"]}}],"collection":[{"href":"https:\/\/semanariochilecitotv.com.ar\/index.php\/wp-json\/wp\/v2\/posts"}],"about":[{"href":"https:\/\/semanariochilecitotv.com.ar\/index.php\/wp-json\/wp\/v2\/types\/post"}],"author":[{"embeddable":true,"href":"https:\/\/semanariochilecitotv.com.ar\/index.php\/wp-json\/wp\/v2\/users\/1"}],"replies":[{"embeddable":true,"href":"https:\/\/semanariochilecitotv.com.ar\/index.php\/wp-json\/wp\/v2\/comments?post=24218"}],"version-history":[{"count":1,"href":"https:\/\/semanariochilecitotv.com.ar\/index.php\/wp-json\/wp\/v2\/posts\/24218\/revisions"}],"predecessor-version":[{"id":24220,"href":"https:\/\/semanariochilecitotv.com.ar\/index.php\/wp-json\/wp\/v2\/posts\/24218\/revisions\/24220"}],"wp:featuredmedia":[{"embeddable":true,"href":"https:\/\/semanariochilecitotv.com.ar\/index.php\/wp-json\/wp\/v2\/media\/24219"}],"wp:attachment":[{"href":"https:\/\/semanariochilecitotv.com.ar\/index.php\/wp-json\/wp\/v2\/media?parent=24218"}],"wp:term":[{"taxonomy":"category","embeddable":true,"href":"https:\/\/semanariochilecitotv.com.ar\/index.php\/wp-json\/wp\/v2\/categories?post=24218"},{"taxonomy":"post_tag","embeddable":true,"href":"https:\/\/semanariochilecitotv.com.ar\/index.php\/wp-json\/wp\/v2\/tags?post=24218"}],"curies":[{"name":"wp","href":"https:\/\/api.w.org\/{rel}","templated":true}]}}