{"id":24215,"date":"2026-09-01T02:59:30","date_gmt":"2026-09-01T02:59:30","guid":{"rendered":"https:\/\/semanariochilecitotv.com.ar\/?p=24215"},"modified":"2026-09-01T02:59:30","modified_gmt":"2026-09-01T02:59:30","slug":"vecinos-de-arauco-fueron-recibidos-por-tere-madera-y-recorrieron-espacios-culturales-y-religiosos","status":"publish","type":"post","link":"https:\/\/semanariochilecitotv.com.ar\/index.php\/2026\/09\/01\/vecinos-de-arauco-fueron-recibidos-por-tere-madera-y-recorrieron-espacios-culturales-y-religiosos\/","title":{"rendered":"Vecinos de Arauco fueron recibidos por Tere Madera, y recorrieron espacios culturales y religiosos"},"content":{"rendered":"<p>La vicegobernadora comparti\u00f3 una jornada con abuelas y abuelos del departamento Arauco, quienes llegaron a la Capital junto al diputado provincial Pablo \u201cPapucho\u201d Leo y recorrieron distintos espacios culturales y religiosos de la ciudad.<!--more--><\/p>\n<p>La visita se enmarc\u00f3 en el programa LegisTour, una iniciativa impulsada por la vicegobernadora que permite recibir a comitivas de adultos mayores de distintos departamentos, conocer la Legislatura Provincial y recorrer lugares culturales y religiosos de la Capital.<\/p>\n<p>Durante el encuentro, una de las integrantes de la comitiva agradeci\u00f3 a Tere por la recepci\u00f3n, las palabras y el trabajo de todo su equipo para acompa\u00f1arlos durante la jornada. Adem\u00e1s, destac\u00f3 que para muchos de ellos era la primera vez que conoc\u00edan la Legislatura y distintos espacios culturales de la Capital.<\/p>\n","protected":false},"excerpt":{"rendered":"<p>La vicegobernadora comparti\u00f3 una jornada con abuelas y abuelos del departamento Arauco, quienes llegaron a la Capital junto al diputado provincial Pablo \u201cPapucho\u201d Leo y recorrieron distintos espacios culturales y religiosos de la ciudad.<\/p>\n","protected":false},"author":1,"featured_media":24216,"comment_status":"closed","ping_status":"closed","sticky":false,"template":"","format":"standard","meta":{"footnotes":""},"categories":[3],"tags":[],"class_list":["post-24215","post","type-post","status-publish","format-standard","has-post-thumbnail","hentry","category-provinciales"],"_links":{"self":[{"href":"https:\/\/semanariochilecitotv.com.ar\/index.php\/wp-json\/wp\/v2\/posts\/24215","targetHints":{"allow":["GET"]}}],"collection":[{"href":"https:\/\/semanariochilecitotv.com.ar\/index.php\/wp-json\/wp\/v2\/posts"}],"about":[{"href":"https:\/\/semanariochilecitotv.com.ar\/index.php\/wp-json\/wp\/v2\/types\/post"}],"author":[{"embeddable":true,"href":"https:\/\/semanariochilecitotv.com.ar\/index.php\/wp-json\/wp\/v2\/users\/1"}],"replies":[{"embeddable":true,"href":"https:\/\/semanariochilecitotv.com.ar\/index.php\/wp-json\/wp\/v2\/comments?post=24215"}],"version-history":[{"count":1,"href":"https:\/\/semanariochilecitotv.com.ar\/index.php\/wp-json\/wp\/v2\/posts\/24215\/revisions"}],"predecessor-version":[{"id":24217,"href":"https:\/\/semanariochilecitotv.com.ar\/index.php\/wp-json\/wp\/v2\/posts\/24215\/revisions\/24217"}],"wp:featuredmedia":[{"embeddable":true,"href":"https:\/\/semanariochilecitotv.com.ar\/index.php\/wp-json\/wp\/v2\/media\/24216"}],"wp:attachment":[{"href":"https:\/\/semanariochilecitotv.com.ar\/index.php\/wp-json\/wp\/v2\/media?parent=24215"}],"wp:term":[{"taxonomy":"category","embeddable":true,"href":"https:\/\/semanariochilecitotv.com.ar\/index.php\/wp-json\/wp\/v2\/categories?post=24215"},{"taxonomy":"post_tag","embeddable":true,"href":"https:\/\/semanariochilecitotv.com.ar\/index.php\/wp-json\/wp\/v2\/tags?post=24215"}],"curies":[{"name":"wp","href":"https:\/\/api.w.org\/{rel}","templated":true}]}}