{"id":24209,"date":"2026-09-01T02:47:50","date_gmt":"2026-09-01T02:47:50","guid":{"rendered":"https:\/\/semanariochilecitotv.com.ar\/?p=24209"},"modified":"2026-09-01T02:47:50","modified_gmt":"2026-09-01T02:47:50","slug":"fam-press-de-periodistas-de-cordoba-y-buenos-aires","status":"publish","type":"post","link":"https:\/\/semanariochilecitotv.com.ar\/index.php\/2026\/09\/01\/fam-press-de-periodistas-de-cordoba-y-buenos-aires\/","title":{"rendered":"Fam Press de periodistas de C\u00f3rdoba y Buenos Aires"},"content":{"rendered":"<p>Por pedido del intendente Rodrigo BrizuelayDoria\u00a0 en coordinaci\u00f3n con la Secretaria de Turismo de La Rioja\u00a0 Argentina y C\u00e1mara de Turismo de Chilecito, la Secretar\u00eda de Turismo del Municipio recibi\u00f3 a este importante Fam Press de periodistas de C\u00f3rdoba y Buenos Aires.<!--more--><\/p>\n<p>Cada herramienta de promoci\u00f3n tur\u00edstica representa la posibilidad de que los visitantes vean a nuestro valle con todos sus atractivos con nuestros propios ojos. Ojos de amor propio, orgullo y de hidalgu\u00eda riojana que se expresa en cada rinc\u00f3n de Chilecito y de la provincia de La Rioja.<\/p>\n<p>Muchas gracias a todos los que hicieron posible este Fam Press, que es el primero\u00a0 de varios rumbo a nuestra temporada de verano.<\/p>\n","protected":false},"excerpt":{"rendered":"<p>Por pedido del intendente Rodrigo BrizuelayDoria\u00a0 en coordinaci\u00f3n con la Secretaria de Turismo de La Rioja\u00a0 Argentina y C\u00e1mara de Turismo de Chilecito, la Secretar\u00eda de Turismo del Municipio recibi\u00f3 a este importante Fam Press de periodistas de C\u00f3rdoba y&#8230;<\/p>\n","protected":false},"author":1,"featured_media":24210,"comment_status":"closed","ping_status":"closed","sticky":false,"template":"","format":"standard","meta":{"footnotes":""},"categories":[18],"tags":[],"class_list":["post-24209","post","type-post","status-publish","format-standard","has-post-thumbnail","hentry","category-turismo"],"_links":{"self":[{"href":"https:\/\/semanariochilecitotv.com.ar\/index.php\/wp-json\/wp\/v2\/posts\/24209","targetHints":{"allow":["GET"]}}],"collection":[{"href":"https:\/\/semanariochilecitotv.com.ar\/index.php\/wp-json\/wp\/v2\/posts"}],"about":[{"href":"https:\/\/semanariochilecitotv.com.ar\/index.php\/wp-json\/wp\/v2\/types\/post"}],"author":[{"embeddable":true,"href":"https:\/\/semanariochilecitotv.com.ar\/index.php\/wp-json\/wp\/v2\/users\/1"}],"replies":[{"embeddable":true,"href":"https:\/\/semanariochilecitotv.com.ar\/index.php\/wp-json\/wp\/v2\/comments?post=24209"}],"version-history":[{"count":1,"href":"https:\/\/semanariochilecitotv.com.ar\/index.php\/wp-json\/wp\/v2\/posts\/24209\/revisions"}],"predecessor-version":[{"id":24211,"href":"https:\/\/semanariochilecitotv.com.ar\/index.php\/wp-json\/wp\/v2\/posts\/24209\/revisions\/24211"}],"wp:featuredmedia":[{"embeddable":true,"href":"https:\/\/semanariochilecitotv.com.ar\/index.php\/wp-json\/wp\/v2\/media\/24210"}],"wp:attachment":[{"href":"https:\/\/semanariochilecitotv.com.ar\/index.php\/wp-json\/wp\/v2\/media?parent=24209"}],"wp:term":[{"taxonomy":"category","embeddable":true,"href":"https:\/\/semanariochilecitotv.com.ar\/index.php\/wp-json\/wp\/v2\/categories?post=24209"},{"taxonomy":"post_tag","embeddable":true,"href":"https:\/\/semanariochilecitotv.com.ar\/index.php\/wp-json\/wp\/v2\/tags?post=24209"}],"curies":[{"name":"wp","href":"https:\/\/api.w.org\/{rel}","templated":true}]}}