{"id":24206,"date":"2026-09-01T02:39:23","date_gmt":"2026-09-01T02:39:23","guid":{"rendered":"https:\/\/semanariochilecitotv.com.ar\/?p=24206"},"modified":"2026-09-01T02:39:23","modified_gmt":"2026-09-01T02:39:23","slug":"celebramos-a-nuestros-peques-en-las-colonias","status":"publish","type":"post","link":"https:\/\/semanariochilecitotv.com.ar\/index.php\/2026\/09\/01\/celebramos-a-nuestros-peques-en-las-colonias\/","title":{"rendered":"Celebramos a nuestros peques en Las Colonias"},"content":{"rendered":"<p>La Delegaci\u00f3n Municipal de Las Colonias de Malligasta fue escenario de una hermosa jornada para celebrar el D\u00eda del Ni\u00f1o, compartiendo juegos, sonrisas y un grato momento en familia.<\/p>\n<p>Desde el Gobierno Municipal, a trav\u00e9s de la Secretar\u00eda de Desarrollo Social, acompa\u00f1amos esta celebraci\u00f3n y agradecemos especialmente a todos quienes colaboraron con la organizaci\u00f3n para hacer posible este encuentro lleno de alegr\u00eda.<\/p>\n","protected":false},"excerpt":{"rendered":"<p>La Delegaci\u00f3n Municipal de Las Colonias de Malligasta fue escenario de una hermosa jornada para celebrar el D\u00eda del Ni\u00f1o, compartiendo juegos, sonrisas y un grato momento en familia. Desde el Gobierno Municipal, a trav\u00e9s de la Secretar\u00eda de Desarrollo&#8230;<\/p>\n","protected":false},"author":1,"featured_media":24207,"comment_status":"closed","ping_status":"closed","sticky":false,"template":"","format":"standard","meta":{"footnotes":""},"categories":[2],"tags":[],"class_list":["post-24206","post","type-post","status-publish","format-standard","has-post-thumbnail","hentry","category-locales"],"_links":{"self":[{"href":"https:\/\/semanariochilecitotv.com.ar\/index.php\/wp-json\/wp\/v2\/posts\/24206","targetHints":{"allow":["GET"]}}],"collection":[{"href":"https:\/\/semanariochilecitotv.com.ar\/index.php\/wp-json\/wp\/v2\/posts"}],"about":[{"href":"https:\/\/semanariochilecitotv.com.ar\/index.php\/wp-json\/wp\/v2\/types\/post"}],"author":[{"embeddable":true,"href":"https:\/\/semanariochilecitotv.com.ar\/index.php\/wp-json\/wp\/v2\/users\/1"}],"replies":[{"embeddable":true,"href":"https:\/\/semanariochilecitotv.com.ar\/index.php\/wp-json\/wp\/v2\/comments?post=24206"}],"version-history":[{"count":1,"href":"https:\/\/semanariochilecitotv.com.ar\/index.php\/wp-json\/wp\/v2\/posts\/24206\/revisions"}],"predecessor-version":[{"id":24208,"href":"https:\/\/semanariochilecitotv.com.ar\/index.php\/wp-json\/wp\/v2\/posts\/24206\/revisions\/24208"}],"wp:featuredmedia":[{"embeddable":true,"href":"https:\/\/semanariochilecitotv.com.ar\/index.php\/wp-json\/wp\/v2\/media\/24207"}],"wp:attachment":[{"href":"https:\/\/semanariochilecitotv.com.ar\/index.php\/wp-json\/wp\/v2\/media?parent=24206"}],"wp:term":[{"taxonomy":"category","embeddable":true,"href":"https:\/\/semanariochilecitotv.com.ar\/index.php\/wp-json\/wp\/v2\/categories?post=24206"},{"taxonomy":"post_tag","embeddable":true,"href":"https:\/\/semanariochilecitotv.com.ar\/index.php\/wp-json\/wp\/v2\/tags?post=24206"}],"curies":[{"name":"wp","href":"https:\/\/api.w.org\/{rel}","templated":true}]}}