{"id":24203,"date":"2026-09-01T02:34:36","date_gmt":"2026-09-01T02:34:36","guid":{"rendered":"https:\/\/semanariochilecitotv.com.ar\/?p=24203"},"modified":"2026-09-01T02:34:36","modified_gmt":"2026-09-01T02:34:36","slug":"festipeques-2026-cerro-con-una-gran-celebracion-para-las-infancias-y-las-familias-riojanas","status":"publish","type":"post","link":"https:\/\/semanariochilecitotv.com.ar\/index.php\/2026\/09\/01\/festipeques-2026-cerro-con-una-gran-celebracion-para-las-infancias-y-las-familias-riojanas\/","title":{"rendered":"Festipeques 2026 cerr\u00f3 con una gran celebraci\u00f3n para las infancias y las familias riojanas"},"content":{"rendered":"<p>La propuesta impulsada por el Gobierno provincial culmin\u00f3 su edici\u00f3n 2026 en el Parque de la Familia Norte, con una jornada de juegos, espect\u00e1culos, deportes y actividades recreativas gratuitas. Cerca de 13 mil personas participaron del cierre de una iniciativa que, a lo largo de tres encuentros, recorri\u00f3 los Parques de la Ciudad durante el Mes de las Infancias.<!--more--><\/p>\n<p>Festipeques 2026 cerr\u00f3 su edici\u00f3n con una gran jornada en el Parque de la Familia Norte, completando tres encuentros destinados a que ni\u00f1as, ni\u00f1os y sus familias pudieran acceder gratuitamente a espacios de juego, recreaci\u00f3n, cultura, deporte y convivencia.<\/p>\n<p>Impulsada por el Gobierno de La Rioja, a trav\u00e9s del Ministerio de Desarrollo, Igualdad e Integraci\u00f3n Social, la propuesta recorri\u00f3 durante el Mes de las Infancias diferentes Parques de la Ciudad, acercando actividades especialmente pensadas para distintas edades y promoviendo el encuentro de las familias en espacios p\u00fablicos.<\/p>\n<p>En la jornada de cierre, cerca de 13 mil personas participaron de una tarde que incluy\u00f3 inflables, juegos tradicionales, maquillaje art\u00edstico, pintura, propuestas deportivas y actividades destinadas a la primera infancia. El escenario tambi\u00e9n tuvo un lugar destacado, con espect\u00e1culos de artistas, payasos, t\u00edteres, academias de danza y grupos locales.<\/p>\n<p>Juegos, premios y espect\u00e1culos para compartir en familia<\/p>\n<p>La jornada incluy\u00f3 adem\u00e1s el sorteo de m\u00e1s de 25 bicicletas y diferentes premios, fiscalizados por AJALAR, que se sumaron a las distintas propuestas recreativas distribuidas en el Parque de la Familia Norte.<\/p>\n<p>Tambi\u00e9n participaron las \u00e1reas dependientes del Ministerio de Desarrollo, Igualdad e Integraci\u00f3n Social y diferentes organismos del Gobierno provincial, que instalaron espacios de atenci\u00f3n, orientaci\u00f3n y recreaci\u00f3n, fortaleciendo el car\u00e1cter integral de una celebraci\u00f3n que tuvo a las infancias como protagonistas.<\/p>\n<p>A lo largo de las jornadas, la programaci\u00f3n art\u00edstica cont\u00f3 con la participaci\u00f3n del Ballet Estable Municipal y el Teatro Estable Municipal, bajo la direcci\u00f3n de Sof\u00eda Pelliza y C\u00e9sar Gramajo, respectivamente; Rizoma, de Hern\u00e1n Gim\u00e9nez; y las escuelas de danza NATYA, Sembrando Estrellas y MADVE.<\/p>\n<p>Tambi\u00e9n formaron parte de la propuesta Mateo Herrera, cantante de Sanagasta; el equipo de Cheerleading de la Subdirecci\u00f3n a cargo de Yanina Campos; Diego, con Mimicry; Yoni, de Picarines; Facundo, de Copetines Animadores; y los personajes de Payapalooza: Pimienta, Piment\u00f3n, Pi\u00f1\u00f3n Flojo, Churrassquito y Costeleta.<\/p>\n<p>Desde la organizaci\u00f3n agradecieron especialmente a los artistas, instituciones, equipos de trabajo y colaboradores que hicieron posible el desarrollo de Festipeques 2026 y aportaron su trabajo para que ni\u00f1as, ni\u00f1os y familias pudieran disfrutar de cada una de las jornadas.<\/p>\n<p>&nbsp;<\/p>\n<p>Las familias, protagonistas de Festipeques<\/p>\n<p>Las propias familias destacaron la posibilidad de acceder gratuitamente a actividades recreativas y compartir una jornada especialmente destinada a las infancias.<\/p>\n<p>La familia Uliarte, del barrio Facundo Quiroga, valor\u00f3 estos espacios \u201cdonde los chicos pueden jugar, divertirse y compartir con otras familias\u201d y agradeci\u00f3 al Gobierno provincial por generar una propuesta gratuita que permite la participaci\u00f3n de todos.<\/p>\n<p>Desde el barrio Los Olivares, la familia V\u00e9lez lleg\u00f3 junto a sus nietos y destac\u00f3 la posibilidad de compartir una tarde diferente. \u201cVerlos jugar, participar de las actividades y disfrutar de los espect\u00e1culos nos llena de alegr\u00eda\u201d, expresaron, al tiempo que valoraron que se generen espacios de encuentro gratuitos para las familias.<\/p>\n<p>Tambi\u00e9n la familia R\u00edos Nieto, del barrio Ant\u00e1rtida III, destac\u00f3 la iniciativa y agradeci\u00f3 al gobernador Ricardo Quintela por \u201cseguir generando actividades que ponen a las infancias en el centro\u201d y permiten compartir momentos en familia.<\/p>\n<p>Una pol\u00edtica que reconoce el derecho al juego<\/p>\n<p>Con esta nueva edici\u00f3n, Festipeques reafirm\u00f3 una pol\u00edtica del Gobierno de La Rioja orientada a generar espacios p\u00fablicos y gratuitos de recreaci\u00f3n, juego, cultura, deporte y encuentro para las infancias y sus familias.<\/p>\n<p>La iniciativa reconoce al juego no solamente como una actividad recreativa, sino como un derecho y una dimensi\u00f3n fundamental para el desarrollo, la creatividad, la construcci\u00f3n de v\u00ednculos y el bienestar de ni\u00f1as y ni\u00f1os.<\/p>\n<p>De esta manera, tras tres jornadas desarrolladas en los Parques de la Ciudad, Festipeques 2026 cerr\u00f3 una edici\u00f3n que volvi\u00f3 a colocar a las infancias y sus familias en el centro de la agenda p\u00fablica, sosteniendo espacios gratuitos de encuentro y disfrute aun en un contexto econ\u00f3mico complejo.<\/p>\n","protected":false},"excerpt":{"rendered":"<p>La propuesta impulsada por el Gobierno provincial culmin\u00f3 su edici\u00f3n 2026 en el Parque de la Familia Norte, con una jornada de juegos, espect\u00e1culos, deportes y actividades recreativas gratuitas. Cerca de 13 mil personas participaron del cierre de una iniciativa&#8230;<\/p>\n","protected":false},"author":1,"featured_media":24204,"comment_status":"closed","ping_status":"closed","sticky":false,"template":"","format":"standard","meta":{"footnotes":""},"categories":[3],"tags":[],"class_list":["post-24203","post","type-post","status-publish","format-standard","has-post-thumbnail","hentry","category-provinciales"],"_links":{"self":[{"href":"https:\/\/semanariochilecitotv.com.ar\/index.php\/wp-json\/wp\/v2\/posts\/24203","targetHints":{"allow":["GET"]}}],"collection":[{"href":"https:\/\/semanariochilecitotv.com.ar\/index.php\/wp-json\/wp\/v2\/posts"}],"about":[{"href":"https:\/\/semanariochilecitotv.com.ar\/index.php\/wp-json\/wp\/v2\/types\/post"}],"author":[{"embeddable":true,"href":"https:\/\/semanariochilecitotv.com.ar\/index.php\/wp-json\/wp\/v2\/users\/1"}],"replies":[{"embeddable":true,"href":"https:\/\/semanariochilecitotv.com.ar\/index.php\/wp-json\/wp\/v2\/comments?post=24203"}],"version-history":[{"count":1,"href":"https:\/\/semanariochilecitotv.com.ar\/index.php\/wp-json\/wp\/v2\/posts\/24203\/revisions"}],"predecessor-version":[{"id":24205,"href":"https:\/\/semanariochilecitotv.com.ar\/index.php\/wp-json\/wp\/v2\/posts\/24203\/revisions\/24205"}],"wp:featuredmedia":[{"embeddable":true,"href":"https:\/\/semanariochilecitotv.com.ar\/index.php\/wp-json\/wp\/v2\/media\/24204"}],"wp:attachment":[{"href":"https:\/\/semanariochilecitotv.com.ar\/index.php\/wp-json\/wp\/v2\/media?parent=24203"}],"wp:term":[{"taxonomy":"category","embeddable":true,"href":"https:\/\/semanariochilecitotv.com.ar\/index.php\/wp-json\/wp\/v2\/categories?post=24203"},{"taxonomy":"post_tag","embeddable":true,"href":"https:\/\/semanariochilecitotv.com.ar\/index.php\/wp-json\/wp\/v2\/tags?post=24203"}],"curies":[{"name":"wp","href":"https:\/\/api.w.org\/{rel}","templated":true}]}}