{"id":24200,"date":"2026-09-01T02:28:15","date_gmt":"2026-09-01T02:28:15","guid":{"rendered":"https:\/\/semanariochilecitotv.com.ar\/?p=24200"},"modified":"2026-09-01T02:28:15","modified_gmt":"2026-09-01T02:28:15","slug":"comisaria-departamento-famatina-detencion-penal","status":"publish","type":"post","link":"https:\/\/semanariochilecitotv.com.ar\/index.php\/2026\/09\/01\/comisaria-departamento-famatina-detencion-penal\/","title":{"rendered":"COMISAR\u00cdA DEPARTAMENTO FAMATINA DETENCI\u00d3N PENAL"},"content":{"rendered":"<p>En la tarde de este domingo, personal de Dependencia procedi\u00f3 a la detenci\u00f3n de un ciudadano de apellido Garcia (mayor de edad), en cumplimiento de una orden judicial emanada por el Juzgado de Instrucci\u00f3n en lo Criminal y Correccional N.\u00ba 2.<!--more--><\/p>\n<p>La medida fue dispuesta en el marco de una causa por un supuesto delito de robo, iniciada a ra\u00edz de una denuncia radicada d\u00edas atr\u00e1s en esa dependencia policial y tras las tareas investigativas realizadas por los funcionarios policiales derivaron en la aprehensi\u00f3n del masculino.<\/p>\n<p>Una vez realizada las actuaciones de rigor, el ciudadano fue alojado en la Alcaid\u00eda Policial de la Unidad Regional Segunda, quedando a disposici\u00f3n de la autoridad judicial interviniente<\/p>\n","protected":false},"excerpt":{"rendered":"<p>En la tarde de este domingo, personal de Dependencia procedi\u00f3 a la detenci\u00f3n de un ciudadano de apellido Garcia (mayor de edad), en cumplimiento de una orden judicial emanada por el Juzgado de Instrucci\u00f3n en lo Criminal y Correccional N.\u00ba&#8230;<\/p>\n","protected":false},"author":1,"featured_media":24201,"comment_status":"closed","ping_status":"closed","sticky":false,"template":"","format":"standard","meta":{"footnotes":""},"categories":[17],"tags":[],"class_list":["post-24200","post","type-post","status-publish","format-standard","has-post-thumbnail","hentry","category-policiales"],"_links":{"self":[{"href":"https:\/\/semanariochilecitotv.com.ar\/index.php\/wp-json\/wp\/v2\/posts\/24200","targetHints":{"allow":["GET"]}}],"collection":[{"href":"https:\/\/semanariochilecitotv.com.ar\/index.php\/wp-json\/wp\/v2\/posts"}],"about":[{"href":"https:\/\/semanariochilecitotv.com.ar\/index.php\/wp-json\/wp\/v2\/types\/post"}],"author":[{"embeddable":true,"href":"https:\/\/semanariochilecitotv.com.ar\/index.php\/wp-json\/wp\/v2\/users\/1"}],"replies":[{"embeddable":true,"href":"https:\/\/semanariochilecitotv.com.ar\/index.php\/wp-json\/wp\/v2\/comments?post=24200"}],"version-history":[{"count":1,"href":"https:\/\/semanariochilecitotv.com.ar\/index.php\/wp-json\/wp\/v2\/posts\/24200\/revisions"}],"predecessor-version":[{"id":24202,"href":"https:\/\/semanariochilecitotv.com.ar\/index.php\/wp-json\/wp\/v2\/posts\/24200\/revisions\/24202"}],"wp:featuredmedia":[{"embeddable":true,"href":"https:\/\/semanariochilecitotv.com.ar\/index.php\/wp-json\/wp\/v2\/media\/24201"}],"wp:attachment":[{"href":"https:\/\/semanariochilecitotv.com.ar\/index.php\/wp-json\/wp\/v2\/media?parent=24200"}],"wp:term":[{"taxonomy":"category","embeddable":true,"href":"https:\/\/semanariochilecitotv.com.ar\/index.php\/wp-json\/wp\/v2\/categories?post=24200"},{"taxonomy":"post_tag","embeddable":true,"href":"https:\/\/semanariochilecitotv.com.ar\/index.php\/wp-json\/wp\/v2\/tags?post=24200"}],"curies":[{"name":"wp","href":"https:\/\/api.w.org\/{rel}","templated":true}]}}