{"id":22886,"date":"2026-04-29T02:24:02","date_gmt":"2026-04-29T02:24:02","guid":{"rendered":"https:\/\/semanariochilecitotv.com.ar\/?p=22886"},"modified":"2026-04-29T02:24:02","modified_gmt":"2026-04-29T02:24:02","slug":"recuperacion-de-espacios-en-malligasta","status":"publish","type":"post","link":"https:\/\/semanariochilecitotv.com.ar\/index.php\/2026\/04\/29\/recuperacion-de-espacios-en-malligasta\/","title":{"rendered":"Recuperaci\u00f3n de espacios en Malligasta"},"content":{"rendered":"<p>La Secretar\u00eda de Ambiente llev\u00f3 adelante tareas de intervenci\u00f3n y puesta en valor en el Club Uni\u00f3n de Malligasta, con el objetivo de recuperar un sector destinado a la comunidad.<!--more--><\/p>\n<p>Estas acciones apuntan a la creaci\u00f3n de futuras canchas de tejo para Adultos Mayores, promoviendo espacios de encuentro, recreaci\u00f3n y bienestar. Asimismo, se avanza en el acondicionamiento de una cancha que permitir\u00e1 la pr\u00e1ctica de nuevas disciplinas deportivas dentro de la instituci\u00f3n.<\/p>\n<p>Seguimos trabajando para generar m\u00e1s espacios inclusivos y al servicio de todos.<\/p>\n","protected":false},"excerpt":{"rendered":"<p>La Secretar\u00eda de Ambiente llev\u00f3 adelante tareas de intervenci\u00f3n y puesta en valor en el Club Uni\u00f3n de Malligasta, con el objetivo de recuperar un sector destinado a la comunidad.<\/p>\n","protected":false},"author":1,"featured_media":22887,"comment_status":"closed","ping_status":"closed","sticky":false,"template":"","format":"standard","meta":{"footnotes":""},"categories":[6],"tags":[],"class_list":["post-22886","post","type-post","status-publish","format-standard","has-post-thumbnail","hentry","category-deportes"],"_links":{"self":[{"href":"https:\/\/semanariochilecitotv.com.ar\/index.php\/wp-json\/wp\/v2\/posts\/22886","targetHints":{"allow":["GET"]}}],"collection":[{"href":"https:\/\/semanariochilecitotv.com.ar\/index.php\/wp-json\/wp\/v2\/posts"}],"about":[{"href":"https:\/\/semanariochilecitotv.com.ar\/index.php\/wp-json\/wp\/v2\/types\/post"}],"author":[{"embeddable":true,"href":"https:\/\/semanariochilecitotv.com.ar\/index.php\/wp-json\/wp\/v2\/users\/1"}],"replies":[{"embeddable":true,"href":"https:\/\/semanariochilecitotv.com.ar\/index.php\/wp-json\/wp\/v2\/comments?post=22886"}],"version-history":[{"count":1,"href":"https:\/\/semanariochilecitotv.com.ar\/index.php\/wp-json\/wp\/v2\/posts\/22886\/revisions"}],"predecessor-version":[{"id":22888,"href":"https:\/\/semanariochilecitotv.com.ar\/index.php\/wp-json\/wp\/v2\/posts\/22886\/revisions\/22888"}],"wp:featuredmedia":[{"embeddable":true,"href":"https:\/\/semanariochilecitotv.com.ar\/index.php\/wp-json\/wp\/v2\/media\/22887"}],"wp:attachment":[{"href":"https:\/\/semanariochilecitotv.com.ar\/index.php\/wp-json\/wp\/v2\/media?parent=22886"}],"wp:term":[{"taxonomy":"category","embeddable":true,"href":"https:\/\/semanariochilecitotv.com.ar\/index.php\/wp-json\/wp\/v2\/categories?post=22886"},{"taxonomy":"post_tag","embeddable":true,"href":"https:\/\/semanariochilecitotv.com.ar\/index.php\/wp-json\/wp\/v2\/tags?post=22886"}],"curies":[{"name":"wp","href":"https:\/\/api.w.org\/{rel}","templated":true}]}}