{"id":22883,"date":"2026-04-29T02:05:32","date_gmt":"2026-04-29T02:05:32","guid":{"rendered":"https:\/\/semanariochilecitotv.com.ar\/?p=22883"},"modified":"2026-04-29T02:05:32","modified_gmt":"2026-04-29T02:05:32","slug":"ricardo-herrera-hablar-de-candidaturas-es-una-irresponsabilidad-cuando-la-gente-no-llega-a-fin-de-mes","status":"publish","type":"post","link":"https:\/\/semanariochilecitotv.com.ar\/index.php\/2026\/04\/29\/ricardo-herrera-hablar-de-candidaturas-es-una-irresponsabilidad-cuando-la-gente-no-llega-a-fin-de-mes\/","title":{"rendered":"Ricardo Herrera: \u201cHablar de candidaturas es una irresponsabilidad cuando la gente no llega a fin de mes\u201d"},"content":{"rendered":"<p>El secretario general de la Gobernaci\u00f3n cuestion\u00f3 el adelantamiento del debate electoral en medio de la crisis econ\u00f3mica y pidi\u00f3 que la dirigencia concentre sus esfuerzos en la contenci\u00f3n social. Adem\u00e1s, expres\u00f3 preocupaci\u00f3n por la demora del Gobierno nacional en efectivizar el adelanto de coparticipaci\u00f3n solicitado por la Provincia.<!--more--><\/p>\n<p>El secretario general de la Gobernaci\u00f3n, Ricardo Herrera, se refiri\u00f3 al complejo escenario econ\u00f3mico y social que atraviesa el pa\u00eds y cuestion\u00f3 el adelantamiento de discusiones electorales en un contexto marcado por las dificultades cotidianas de la poblaci\u00f3n.<\/p>\n<p>Al ser consultado sobre el clima pol\u00edtico y las especulaciones de cara al 2027, el funcionario fue contundente: \u201cHoy la gente la est\u00e1 pasando muy mal; realmente no llega a fin de mes y no tiene para comer\u201d.<\/p>\n<p>En ese sentido, Herrera calific\u00f3 como un \u201cdesprop\u00f3sito\u201d y \u201cuna irresponsabilidad\u201d que algunos sectores comiencen a instalar candidaturas o debates vinculados a modificaciones electorales.<\/p>\n<p>\u201cSer\u00edamos irresponsables desde el Gobierno si nos pusi\u00e9ramos a plantear este tipo de discusiones, y mucho m\u00e1s cualquier trasnochado que pretenda hablar de una candidatura a t\u00edtulo personal. Este es un momento donde todos tenemos que estar juntos trabajando por la gente\u201d, sostuvo.<\/p>\n<p>Preocupaci\u00f3n por los fondos nacionales<\/p>\n<p>En otro tramo de sus declaraciones, el funcionario manifest\u00f3 preocupaci\u00f3n por la situaci\u00f3n financiera de la provincia y la demora del Gobierno nacional en efectivizar el adelanto de coparticipaci\u00f3n solicitado por La Rioja.<\/p>\n<p>\u201cEstamos muy preocupados porque dijeron que iban a avanzar en el tema del adelanto de coparticipaci\u00f3n y hasta el momento no ha pasado nada. Veremos esta semana si tenemos alguna novedad\u201d, expres\u00f3 en relaci\u00f3n a la falta de respuestas de la administraci\u00f3n central.<\/p>\n<p>De esta manera, Herrera volvi\u00f3 a plantear la necesidad de priorizar la gesti\u00f3n y el acompa\u00f1amiento a los sectores m\u00e1s afectados por la crisis, en un escenario econ\u00f3mico que contin\u00faa generando incertidumbre en las provincias.<\/p>\n","protected":false},"excerpt":{"rendered":"<p>El secretario general de la Gobernaci\u00f3n cuestion\u00f3 el adelantamiento del debate electoral en medio de la crisis econ\u00f3mica y pidi\u00f3 que la dirigencia concentre sus esfuerzos en la contenci\u00f3n social. Adem\u00e1s, expres\u00f3 preocupaci\u00f3n por la demora del Gobierno nacional en&#8230;<\/p>\n","protected":false},"author":1,"featured_media":22884,"comment_status":"closed","ping_status":"closed","sticky":false,"template":"","format":"standard","meta":{"footnotes":""},"categories":[2],"tags":[],"class_list":["post-22883","post","type-post","status-publish","format-standard","has-post-thumbnail","hentry","category-locales"],"_links":{"self":[{"href":"https:\/\/semanariochilecitotv.com.ar\/index.php\/wp-json\/wp\/v2\/posts\/22883","targetHints":{"allow":["GET"]}}],"collection":[{"href":"https:\/\/semanariochilecitotv.com.ar\/index.php\/wp-json\/wp\/v2\/posts"}],"about":[{"href":"https:\/\/semanariochilecitotv.com.ar\/index.php\/wp-json\/wp\/v2\/types\/post"}],"author":[{"embeddable":true,"href":"https:\/\/semanariochilecitotv.com.ar\/index.php\/wp-json\/wp\/v2\/users\/1"}],"replies":[{"embeddable":true,"href":"https:\/\/semanariochilecitotv.com.ar\/index.php\/wp-json\/wp\/v2\/comments?post=22883"}],"version-history":[{"count":1,"href":"https:\/\/semanariochilecitotv.com.ar\/index.php\/wp-json\/wp\/v2\/posts\/22883\/revisions"}],"predecessor-version":[{"id":22885,"href":"https:\/\/semanariochilecitotv.com.ar\/index.php\/wp-json\/wp\/v2\/posts\/22883\/revisions\/22885"}],"wp:featuredmedia":[{"embeddable":true,"href":"https:\/\/semanariochilecitotv.com.ar\/index.php\/wp-json\/wp\/v2\/media\/22884"}],"wp:attachment":[{"href":"https:\/\/semanariochilecitotv.com.ar\/index.php\/wp-json\/wp\/v2\/media?parent=22883"}],"wp:term":[{"taxonomy":"category","embeddable":true,"href":"https:\/\/semanariochilecitotv.com.ar\/index.php\/wp-json\/wp\/v2\/categories?post=22883"},{"taxonomy":"post_tag","embeddable":true,"href":"https:\/\/semanariochilecitotv.com.ar\/index.php\/wp-json\/wp\/v2\/tags?post=22883"}],"curies":[{"name":"wp","href":"https:\/\/api.w.org\/{rel}","templated":true}]}}