{"id":22880,"date":"2026-04-29T02:02:47","date_gmt":"2026-04-29T02:02:47","guid":{"rendered":"https:\/\/semanariochilecitotv.com.ar\/?p=22880"},"modified":"2026-04-29T02:02:47","modified_gmt":"2026-04-29T02:02:47","slug":"emiten-alerta-por-niebla-y-vientos","status":"publish","type":"post","link":"https:\/\/semanariochilecitotv.com.ar\/index.php\/2026\/04\/29\/emiten-alerta-por-niebla-y-vientos\/","title":{"rendered":"Emiten alerta por niebla y vientos"},"content":{"rendered":"<p>El Sistema Provincial de Emergencias La Rioja emiti\u00f3 un alerta amarilla por niebla y vientos que afectar\u00e1n a distintos departamentos de la provincia.<!--more--><\/p>\n<p>De acuerdo al reporte, el alerta por niebla rige para los departamentos Capital, Independencia, General \u00c1ngel Vicente Pe\u00f1aloza, Chamical y General Belgrano.<\/p>\n<p>El alerta advirti\u00f3 que la presencia de niebla sectorizada en las zonas mencionadas podr\u00eda disminuir la visibilidad al transitar por la v\u00eda p\u00fablica. Este alerta rige para la noche de este martes y madrugada del mi\u00e9rcoles.<\/p>\n<p>En tanto, el reporte tambi\u00e9n emiti\u00f3 un alerta preventivo por vientos que podr\u00eda afectar a los departamentos Vinchina, General Lamadrid, Rosario Vera Pe\u00f1aloza y General San Mart\u00edn.<\/p>\n<p>Seg\u00fan el informe los vientos llegar\u00e1n con r\u00e1fagas que podr\u00edan superar los 60 kil\u00f3metros por hora en la zona cordillerana mientras que para los departamentos mencionados las r\u00e1fagas alcanzar\u00edan los 50 kil\u00f3metros por hora. Este alerta amarilla rige para la noche de este martes y la madrugada y ma\u00f1ana del mi\u00e9rcoles.<\/p>\n","protected":false},"excerpt":{"rendered":"<p>El Sistema Provincial de Emergencias La Rioja emiti\u00f3 un alerta amarilla por niebla y vientos que afectar\u00e1n a distintos departamentos de la provincia.<\/p>\n","protected":false},"author":1,"featured_media":22881,"comment_status":"closed","ping_status":"closed","sticky":false,"template":"","format":"standard","meta":{"footnotes":""},"categories":[3],"tags":[],"class_list":["post-22880","post","type-post","status-publish","format-standard","has-post-thumbnail","hentry","category-provinciales"],"_links":{"self":[{"href":"https:\/\/semanariochilecitotv.com.ar\/index.php\/wp-json\/wp\/v2\/posts\/22880","targetHints":{"allow":["GET"]}}],"collection":[{"href":"https:\/\/semanariochilecitotv.com.ar\/index.php\/wp-json\/wp\/v2\/posts"}],"about":[{"href":"https:\/\/semanariochilecitotv.com.ar\/index.php\/wp-json\/wp\/v2\/types\/post"}],"author":[{"embeddable":true,"href":"https:\/\/semanariochilecitotv.com.ar\/index.php\/wp-json\/wp\/v2\/users\/1"}],"replies":[{"embeddable":true,"href":"https:\/\/semanariochilecitotv.com.ar\/index.php\/wp-json\/wp\/v2\/comments?post=22880"}],"version-history":[{"count":1,"href":"https:\/\/semanariochilecitotv.com.ar\/index.php\/wp-json\/wp\/v2\/posts\/22880\/revisions"}],"predecessor-version":[{"id":22882,"href":"https:\/\/semanariochilecitotv.com.ar\/index.php\/wp-json\/wp\/v2\/posts\/22880\/revisions\/22882"}],"wp:featuredmedia":[{"embeddable":true,"href":"https:\/\/semanariochilecitotv.com.ar\/index.php\/wp-json\/wp\/v2\/media\/22881"}],"wp:attachment":[{"href":"https:\/\/semanariochilecitotv.com.ar\/index.php\/wp-json\/wp\/v2\/media?parent=22880"}],"wp:term":[{"taxonomy":"category","embeddable":true,"href":"https:\/\/semanariochilecitotv.com.ar\/index.php\/wp-json\/wp\/v2\/categories?post=22880"},{"taxonomy":"post_tag","embeddable":true,"href":"https:\/\/semanariochilecitotv.com.ar\/index.php\/wp-json\/wp\/v2\/tags?post=22880"}],"curies":[{"name":"wp","href":"https:\/\/api.w.org\/{rel}","templated":true}]}}