{"id":22877,"date":"2026-04-29T01:58:54","date_gmt":"2026-04-29T01:58:54","guid":{"rendered":"https:\/\/semanariochilecitotv.com.ar\/?p=22877"},"modified":"2026-04-29T01:58:54","modified_gmt":"2026-04-29T01:58:54","slug":"madera-junto-al-sector-empresarial-fortalecer-y-poner-en-el-centro-la-responsabilidad-social","status":"publish","type":"post","link":"https:\/\/semanariochilecitotv.com.ar\/index.php\/2026\/04\/29\/madera-junto-al-sector-empresarial-fortalecer-y-poner-en-el-centro-la-responsabilidad-social\/","title":{"rendered":"Madera junto al sector empresarial, fortalecer y poner en el centro la responsabilidad social"},"content":{"rendered":"<p>En el marco del Encuentro de Empresas Riojanas, la vicegobernadora Teresita Madera reafirm\u00f3 su v\u00ednculo con el sector empresarial y consolid\u00f3 una agenda pol\u00edtica basada en la responsabilidad social como motor del desarrollo.<!--more--><\/p>\n<p>La actividad, que se llev\u00f3 a cabo en el auditorio de OSDE, cont\u00f3 con la participaci\u00f3n de autoridades del Pacto Global Argentina, del Instituto de Responsabilidad Social de La Rioja, de FOGAPLAR y de empresas locales comprometidas con este enfoque.<\/p>\n<p>Durante su intervenci\u00f3n, Madera sostuvo que \u201cel crecimiento no puede pensarse sin las personas en el centro\u201d, y destac\u00f3 la importancia de sostener pr\u00e1cticas responsables incluso en contextos econ\u00f3micos adversos. En esa l\u00ednea, remarc\u00f3 que la responsabilidad social \u201cno es filantrop\u00eda, sino una forma de gestionar con compromiso y mirada colectiva\u201d.<\/p>\n<p>El encuentro la vicegobernadora plasm\u00f3 una construcci\u00f3n que apuesta al di\u00e1logo y al trabajo conjunto entre el Estado y el sector privado, consolidando un modelo de desarrollo donde producir, invertir y generar empleo vaya de la mano con inclusi\u00f3n y compromiso social.<\/p>\n","protected":false},"excerpt":{"rendered":"<p>En el marco del Encuentro de Empresas Riojanas, la vicegobernadora Teresita Madera reafirm\u00f3 su v\u00ednculo con el sector empresarial y consolid\u00f3 una agenda pol\u00edtica basada en la responsabilidad social como motor del desarrollo.<\/p>\n","protected":false},"author":1,"featured_media":22878,"comment_status":"closed","ping_status":"closed","sticky":false,"template":"","format":"standard","meta":{"footnotes":""},"categories":[3],"tags":[],"class_list":["post-22877","post","type-post","status-publish","format-standard","has-post-thumbnail","hentry","category-provinciales"],"_links":{"self":[{"href":"https:\/\/semanariochilecitotv.com.ar\/index.php\/wp-json\/wp\/v2\/posts\/22877","targetHints":{"allow":["GET"]}}],"collection":[{"href":"https:\/\/semanariochilecitotv.com.ar\/index.php\/wp-json\/wp\/v2\/posts"}],"about":[{"href":"https:\/\/semanariochilecitotv.com.ar\/index.php\/wp-json\/wp\/v2\/types\/post"}],"author":[{"embeddable":true,"href":"https:\/\/semanariochilecitotv.com.ar\/index.php\/wp-json\/wp\/v2\/users\/1"}],"replies":[{"embeddable":true,"href":"https:\/\/semanariochilecitotv.com.ar\/index.php\/wp-json\/wp\/v2\/comments?post=22877"}],"version-history":[{"count":1,"href":"https:\/\/semanariochilecitotv.com.ar\/index.php\/wp-json\/wp\/v2\/posts\/22877\/revisions"}],"predecessor-version":[{"id":22879,"href":"https:\/\/semanariochilecitotv.com.ar\/index.php\/wp-json\/wp\/v2\/posts\/22877\/revisions\/22879"}],"wp:featuredmedia":[{"embeddable":true,"href":"https:\/\/semanariochilecitotv.com.ar\/index.php\/wp-json\/wp\/v2\/media\/22878"}],"wp:attachment":[{"href":"https:\/\/semanariochilecitotv.com.ar\/index.php\/wp-json\/wp\/v2\/media?parent=22877"}],"wp:term":[{"taxonomy":"category","embeddable":true,"href":"https:\/\/semanariochilecitotv.com.ar\/index.php\/wp-json\/wp\/v2\/categories?post=22877"},{"taxonomy":"post_tag","embeddable":true,"href":"https:\/\/semanariochilecitotv.com.ar\/index.php\/wp-json\/wp\/v2\/tags?post=22877"}],"curies":[{"name":"wp","href":"https:\/\/api.w.org\/{rel}","templated":true}]}}