{"id":22871,"date":"2026-04-29T01:31:36","date_gmt":"2026-04-29T01:31:36","guid":{"rendered":"https:\/\/semanariochilecitotv.com.ar\/?p=22871"},"modified":"2026-04-29T01:31:36","modified_gmt":"2026-04-29T01:31:36","slug":"la-rioja-reafirma-la-defensa-del-sistema-cientifico-y-tecnologico-frente-al-ajuste-nacional","status":"publish","type":"post","link":"https:\/\/semanariochilecitotv.com.ar\/index.php\/2026\/04\/29\/la-rioja-reafirma-la-defensa-del-sistema-cientifico-y-tecnologico-frente-al-ajuste-nacional\/","title":{"rendered":"La Rioja reafirma la defensa del sistema cient\u00edfico y tecnol\u00f3gico frente al ajuste nacional"},"content":{"rendered":"<p>Representantes de universidades, organismos de investigaci\u00f3n e instituciones cient\u00edficas analizaron la situaci\u00f3n cr\u00edtica que atraviesan organismos nacionales estrat\u00e9gicos y avanzaron en una agenda com\u00fan para fortalecer las capacidades tecnol\u00f3gicas y de innovaci\u00f3n de la provincia.<!--more--><\/p>\n<p>En la sede de la Universidad Nacional de La Rioja se llev\u00f3 adelante una nueva reuni\u00f3n de la Mesa Interinstitucional de Ciencia y Tecnolog\u00eda, un espacio estrat\u00e9gico de articulaci\u00f3n que reuni\u00f3 a representantes del sistema cient\u00edfico-tecnol\u00f3gico provincial, laboratorios, instituciones acad\u00e9micas y organismos de investigaci\u00f3n.<\/p>\n<p>El encuentro fue encabezado por el secretario de Ciencia y Tecnolog\u00eda de la provincia, Hugo Vera, junto a la rectora de la UNLaR, Natalia Albarez G\u00f3mez, quienes destacaron la importancia de consolidar una agenda com\u00fan que permita sostener y potenciar las capacidades cient\u00edficas locales frente a un escenario nacional adverso.<\/p>\n<p>INTI, INTA y Servicio Meteorol\u00f3gico, en el centro del debate<\/p>\n<p>Durante la jornada, uno de los principales ejes de an\u00e1lisis fue la situaci\u00f3n que atraviesan organismos nacionales estrat\u00e9gicos como el Instituto Nacional de Tecnolog\u00eda Industrial, el Instituto Nacional de Tecnolog\u00eda Agropecuaria y el Servicio Meteorol\u00f3gico Nacional.<\/p>\n<p>En el caso del INTI, trabajadores de la delegaci\u00f3n La Rioja manifestaron su preocupaci\u00f3n ante posibles despidos masivos y el desmantelamiento de \u00e1reas estrat\u00e9gicas. Adem\u00e1s, advirtieron sobre la paralizaci\u00f3n de servicios t\u00e9cnicos reconocidos a nivel nacional, situaci\u00f3n que impacta directamente sobre capacidades instaladas fundamentales para el entramado productivo.<\/p>\n<p>Por su parte, el Servicio Meteorol\u00f3gico Nacional atraviesa un proceso de reconfiguraci\u00f3n institucional impulsado por el Gobierno nacional, que incluye recortes de personal y modificaciones en funciones hist\u00f3ricas vinculadas a servicios esenciales para la navegaci\u00f3n a\u00e9rea.<\/p>\n<p>En tanto, el INTA enfrenta restricciones presupuestarias que afectan tareas de investigaci\u00f3n, asistencia t\u00e9cnica y transferencia al sector agroproductivo. A ello se suma la preocupaci\u00f3n por posibles medidas vinculadas a la venta de bienes inmuebles del organismo, lo que podr\u00eda debilitar su presencia territorial en distintas regiones del pa\u00eds.<\/p>\n<p>Defensa del sistema cient\u00edfico<\/p>\n<p>Las autoridades presentes coincidieron en la necesidad de sostener una postura activa en defensa del sistema cient\u00edfico y tecnol\u00f3gico como herramienta clave para el desarrollo provincial y nacional.<\/p>\n<p>En ese marco, remarcaron que las pol\u00edticas de ajuste y reducci\u00f3n del Estado en \u00e1reas estrat\u00e9gicas no solo afectan a trabajadores e instituciones, sino tambi\u00e9n a la capacidad del pa\u00eds para generar innovaci\u00f3n, valor agregado y soberan\u00eda tecnol\u00f3gica.<\/p>\n<p>Desde la provincia se\u00f1alaron que la prioridad es fortalecer las capacidades cient\u00edfico-tecnol\u00f3gicas locales con planificaci\u00f3n y visi\u00f3n estrat\u00e9gica, apostando a un modelo de desarrollo sostenible y con identidad propia.<\/p>\n<p>Agenda de trabajo conjunta<\/p>\n<p>La Mesa Interinstitucional acord\u00f3 avanzar en una agenda com\u00fan orientada a reforzar la articulaci\u00f3n entre organismos cient\u00edficos, universidades y sectores productivos; visibilizar el impacto territorial de las instituciones en riesgo; promover iniciativas de innovaci\u00f3n y desarrollo tecnol\u00f3gico local; y generar propuestas que fortalezcan el ecosistema cient\u00edfico provincial frente al contexto nacional.<\/p>\n<p>El encuentro funcion\u00f3 adem\u00e1s como un espacio de diagn\u00f3stico colectivo y como una se\u00f1al pol\u00edtica de defensa del conocimiento, la cooperaci\u00f3n y las capacidades estrat\u00e9gicas de la provincia.<\/p>\n","protected":false},"excerpt":{"rendered":"<p>Representantes de universidades, organismos de investigaci\u00f3n e instituciones cient\u00edficas analizaron la situaci\u00f3n cr\u00edtica que atraviesan organismos nacionales estrat\u00e9gicos y avanzaron en una agenda com\u00fan para fortalecer las capacidades tecnol\u00f3gicas y de innovaci\u00f3n de la provincia.<\/p>\n","protected":false},"author":1,"featured_media":22872,"comment_status":"closed","ping_status":"closed","sticky":false,"template":"","format":"standard","meta":{"footnotes":""},"categories":[3],"tags":[],"class_list":["post-22871","post","type-post","status-publish","format-standard","has-post-thumbnail","hentry","category-provinciales"],"_links":{"self":[{"href":"https:\/\/semanariochilecitotv.com.ar\/index.php\/wp-json\/wp\/v2\/posts\/22871","targetHints":{"allow":["GET"]}}],"collection":[{"href":"https:\/\/semanariochilecitotv.com.ar\/index.php\/wp-json\/wp\/v2\/posts"}],"about":[{"href":"https:\/\/semanariochilecitotv.com.ar\/index.php\/wp-json\/wp\/v2\/types\/post"}],"author":[{"embeddable":true,"href":"https:\/\/semanariochilecitotv.com.ar\/index.php\/wp-json\/wp\/v2\/users\/1"}],"replies":[{"embeddable":true,"href":"https:\/\/semanariochilecitotv.com.ar\/index.php\/wp-json\/wp\/v2\/comments?post=22871"}],"version-history":[{"count":1,"href":"https:\/\/semanariochilecitotv.com.ar\/index.php\/wp-json\/wp\/v2\/posts\/22871\/revisions"}],"predecessor-version":[{"id":22873,"href":"https:\/\/semanariochilecitotv.com.ar\/index.php\/wp-json\/wp\/v2\/posts\/22871\/revisions\/22873"}],"wp:featuredmedia":[{"embeddable":true,"href":"https:\/\/semanariochilecitotv.com.ar\/index.php\/wp-json\/wp\/v2\/media\/22872"}],"wp:attachment":[{"href":"https:\/\/semanariochilecitotv.com.ar\/index.php\/wp-json\/wp\/v2\/media?parent=22871"}],"wp:term":[{"taxonomy":"category","embeddable":true,"href":"https:\/\/semanariochilecitotv.com.ar\/index.php\/wp-json\/wp\/v2\/categories?post=22871"},{"taxonomy":"post_tag","embeddable":true,"href":"https:\/\/semanariochilecitotv.com.ar\/index.php\/wp-json\/wp\/v2\/tags?post=22871"}],"curies":[{"name":"wp","href":"https:\/\/api.w.org\/{rel}","templated":true}]}}