{"id":22868,"date":"2026-04-29T01:27:12","date_gmt":"2026-04-29T01:27:12","guid":{"rendered":"https:\/\/semanariochilecitotv.com.ar\/?p=22868"},"modified":"2026-04-29T01:27:12","modified_gmt":"2026-04-29T01:27:12","slug":"finalizacion-de-obra","status":"publish","type":"post","link":"https:\/\/semanariochilecitotv.com.ar\/index.php\/2026\/04\/29\/finalizacion-de-obra\/","title":{"rendered":"Finalizaci\u00f3n de obra"},"content":{"rendered":"<p>El Gobierno Municipal culmin\u00f3 recientemente una serie de trabajos complementarios en la esquina de 19 de Febrero y Juan XXIII, luego de la ejecuci\u00f3n de una importante obra de hormigonado en el sector.<!--more--><\/p>\n<p>Estas tareas incluyeron la construcci\u00f3n de cord\u00f3n cuneta y veredas, dando respuesta a solicitudes planteadas por vecinos de la zona.<\/p>\n<p>De esta manera, se contin\u00faa avanzando en el mejoramiento de la infraestructura urbana, optimizando la transitabilidad y brindando mayor seguridad y comodidad para toda la comunidad.<\/p>\n","protected":false},"excerpt":{"rendered":"<p>El Gobierno Municipal culmin\u00f3 recientemente una serie de trabajos complementarios en la esquina de 19 de Febrero y Juan XXIII, luego de la ejecuci\u00f3n de una importante obra de hormigonado en el sector.<\/p>\n","protected":false},"author":1,"featured_media":22869,"comment_status":"closed","ping_status":"closed","sticky":false,"template":"","format":"standard","meta":{"footnotes":""},"categories":[2],"tags":[],"class_list":["post-22868","post","type-post","status-publish","format-standard","has-post-thumbnail","hentry","category-locales"],"_links":{"self":[{"href":"https:\/\/semanariochilecitotv.com.ar\/index.php\/wp-json\/wp\/v2\/posts\/22868","targetHints":{"allow":["GET"]}}],"collection":[{"href":"https:\/\/semanariochilecitotv.com.ar\/index.php\/wp-json\/wp\/v2\/posts"}],"about":[{"href":"https:\/\/semanariochilecitotv.com.ar\/index.php\/wp-json\/wp\/v2\/types\/post"}],"author":[{"embeddable":true,"href":"https:\/\/semanariochilecitotv.com.ar\/index.php\/wp-json\/wp\/v2\/users\/1"}],"replies":[{"embeddable":true,"href":"https:\/\/semanariochilecitotv.com.ar\/index.php\/wp-json\/wp\/v2\/comments?post=22868"}],"version-history":[{"count":1,"href":"https:\/\/semanariochilecitotv.com.ar\/index.php\/wp-json\/wp\/v2\/posts\/22868\/revisions"}],"predecessor-version":[{"id":22870,"href":"https:\/\/semanariochilecitotv.com.ar\/index.php\/wp-json\/wp\/v2\/posts\/22868\/revisions\/22870"}],"wp:featuredmedia":[{"embeddable":true,"href":"https:\/\/semanariochilecitotv.com.ar\/index.php\/wp-json\/wp\/v2\/media\/22869"}],"wp:attachment":[{"href":"https:\/\/semanariochilecitotv.com.ar\/index.php\/wp-json\/wp\/v2\/media?parent=22868"}],"wp:term":[{"taxonomy":"category","embeddable":true,"href":"https:\/\/semanariochilecitotv.com.ar\/index.php\/wp-json\/wp\/v2\/categories?post=22868"},{"taxonomy":"post_tag","embeddable":true,"href":"https:\/\/semanariochilecitotv.com.ar\/index.php\/wp-json\/wp\/v2\/tags?post=22868"}],"curies":[{"name":"wp","href":"https:\/\/api.w.org\/{rel}","templated":true}]}}