{"id":22865,"date":"2026-04-28T13:42:34","date_gmt":"2026-04-28T13:42:34","guid":{"rendered":"https:\/\/semanariochilecitotv.com.ar\/?p=22865"},"modified":"2026-04-28T13:42:34","modified_gmt":"2026-04-28T13:42:34","slug":"escuela-municipal-de-voley-elite","status":"publish","type":"post","link":"https:\/\/semanariochilecitotv.com.ar\/index.php\/2026\/04\/28\/escuela-municipal-de-voley-elite\/","title":{"rendered":"Escuela Municipal de V\u00f3ley \u00c9lite"},"content":{"rendered":"<p>Si tenes entre 15 y 18 a\u00f1os te invitamos a que te sumes a la escuela de V\u00f3ley \u00c9lite, y seas parte de esta disciplina que re\u00fane a los amantes de este deporte y aprendas a:<!--more--><\/p>\n<p>Mejorar T\u00e9cnica &#8211; Trabajo en equipo &#8211; Disciplina y pasi\u00f3n<\/p>\n<p>Lugar: Polideportivo Jorge Larrosa &#8211; D\u00edas: lunes y mi\u00e9rcoles &#8211; Horario: 16 a 17hs<\/p>\n<p>Inicio: 4 de mayo &#8211; Inscripciones Abiertas:<\/p>\n<p>Profesora Quintero Xiomara &#8211; 3825-606533<\/p>\n","protected":false},"excerpt":{"rendered":"<p>Si tenes entre 15 y 18 a\u00f1os te invitamos a que te sumes a la escuela de V\u00f3ley \u00c9lite, y seas parte de esta disciplina que re\u00fane a los amantes de este deporte y aprendas a:<\/p>\n","protected":false},"author":1,"featured_media":22866,"comment_status":"closed","ping_status":"closed","sticky":false,"template":"","format":"standard","meta":{"footnotes":""},"categories":[6],"tags":[],"class_list":["post-22865","post","type-post","status-publish","format-standard","has-post-thumbnail","hentry","category-deportes"],"_links":{"self":[{"href":"https:\/\/semanariochilecitotv.com.ar\/index.php\/wp-json\/wp\/v2\/posts\/22865","targetHints":{"allow":["GET"]}}],"collection":[{"href":"https:\/\/semanariochilecitotv.com.ar\/index.php\/wp-json\/wp\/v2\/posts"}],"about":[{"href":"https:\/\/semanariochilecitotv.com.ar\/index.php\/wp-json\/wp\/v2\/types\/post"}],"author":[{"embeddable":true,"href":"https:\/\/semanariochilecitotv.com.ar\/index.php\/wp-json\/wp\/v2\/users\/1"}],"replies":[{"embeddable":true,"href":"https:\/\/semanariochilecitotv.com.ar\/index.php\/wp-json\/wp\/v2\/comments?post=22865"}],"version-history":[{"count":1,"href":"https:\/\/semanariochilecitotv.com.ar\/index.php\/wp-json\/wp\/v2\/posts\/22865\/revisions"}],"predecessor-version":[{"id":22867,"href":"https:\/\/semanariochilecitotv.com.ar\/index.php\/wp-json\/wp\/v2\/posts\/22865\/revisions\/22867"}],"wp:featuredmedia":[{"embeddable":true,"href":"https:\/\/semanariochilecitotv.com.ar\/index.php\/wp-json\/wp\/v2\/media\/22866"}],"wp:attachment":[{"href":"https:\/\/semanariochilecitotv.com.ar\/index.php\/wp-json\/wp\/v2\/media?parent=22865"}],"wp:term":[{"taxonomy":"category","embeddable":true,"href":"https:\/\/semanariochilecitotv.com.ar\/index.php\/wp-json\/wp\/v2\/categories?post=22865"},{"taxonomy":"post_tag","embeddable":true,"href":"https:\/\/semanariochilecitotv.com.ar\/index.php\/wp-json\/wp\/v2\/tags?post=22865"}],"curies":[{"name":"wp","href":"https:\/\/api.w.org\/{rel}","templated":true}]}}