{"id":22861,"date":"2026-04-28T13:13:52","date_gmt":"2026-04-28T13:13:52","guid":{"rendered":"https:\/\/semanariochilecitotv.com.ar\/?p=22861"},"modified":"2026-04-28T13:13:52","modified_gmt":"2026-04-28T13:13:52","slug":"trabajo-articulado-por-una-educacion-mas-inclusiva","status":"publish","type":"post","link":"https:\/\/semanariochilecitotv.com.ar\/index.php\/2026\/04\/28\/trabajo-articulado-por-una-educacion-mas-inclusiva\/","title":{"rendered":"Trabajo articulado por una educaci\u00f3n m\u00e1s inclusiva"},"content":{"rendered":"<p>Se llev\u00f3 a cabo una mesa de trabajo colaborativa entre el equipo del Consejo Departamental para Personas con Discapacidad, dependiente de la Secretar\u00eda de Desarrollo Social, y las autoridades de la Escuela Emilio Hunicken, representadas por su Directora, Prof. Silvina Romero, y la Vicedirectora, Prof. Cristina Vera.<!--more--><\/p>\n<p>El encuentro tuvo como objetivo fortalecer las trayectorias escolares de los estudiantes mediante la implementaci\u00f3n de estrategias de inclusi\u00f3n efectivas dentro de la instituci\u00f3n educativa.<\/p>\n<p>La jornada estuvo encabezada por la terapista ocupacional Mar\u00eda Eva Gonz\u00e1lez, la licenciada en Psicopedagog\u00eda Emely Soria \u00c1vila y la licenciada en Educaci\u00f3n Primaria Miriam Isabel Mart\u00ednez, profesionales del \u00e1rea municipal que brindaron asesoramiento t\u00e9cnico y herramientas pr\u00e1cticas para el abordaje de casos espec\u00edficos.<\/p>\n<p>Durante la reuni\u00f3n se abordaron ejes fundamentales:<\/p>\n<p>Metodolog\u00edas de ense\u00f1anza: dise\u00f1o de propuestas pedag\u00f3gicas flexibles que contemplen la diversidad en el aula.<\/p>\n<p>V\u00ednculo con las familias: estrategias de acercamiento y comunicaci\u00f3n asertiva para un acompa\u00f1amiento integral.<\/p>\n<p>Compromiso institucional: se destac\u00f3 la apertura y predisposici\u00f3n de docentes y directivos para capacitarse y transformar las pr\u00e1cticas educativas.<\/p>\n<p>Esta instancia reafirma el compromiso de la gesti\u00f3n municipal y la comunidad educativa en la construcci\u00f3n de una escuela m\u00e1s abierta, accesible y equitativa. La articulaci\u00f3n entre los profesionales del Municipio y el equipo docente resulta clave para derribar barreras en los procesos de aprendizaje.<\/p>\n<p>Cabe destacar que este fue el primer encuentro de un plan de acci\u00f3n que busca fortalecer el trabajo en red. Seguimos avanzando hacia una sociedad m\u00e1s inclusiva.<\/p>\n","protected":false},"excerpt":{"rendered":"<p>Se llev\u00f3 a cabo una mesa de trabajo colaborativa entre el equipo del Consejo Departamental para Personas con Discapacidad, dependiente de la Secretar\u00eda de Desarrollo Social, y las autoridades de la Escuela Emilio Hunicken, representadas por su Directora, Prof. Silvina&#8230;<\/p>\n","protected":false},"author":1,"featured_media":22862,"comment_status":"closed","ping_status":"closed","sticky":false,"template":"","format":"standard","meta":{"footnotes":""},"categories":[2],"tags":[],"class_list":["post-22861","post","type-post","status-publish","format-standard","has-post-thumbnail","hentry","category-locales"],"_links":{"self":[{"href":"https:\/\/semanariochilecitotv.com.ar\/index.php\/wp-json\/wp\/v2\/posts\/22861","targetHints":{"allow":["GET"]}}],"collection":[{"href":"https:\/\/semanariochilecitotv.com.ar\/index.php\/wp-json\/wp\/v2\/posts"}],"about":[{"href":"https:\/\/semanariochilecitotv.com.ar\/index.php\/wp-json\/wp\/v2\/types\/post"}],"author":[{"embeddable":true,"href":"https:\/\/semanariochilecitotv.com.ar\/index.php\/wp-json\/wp\/v2\/users\/1"}],"replies":[{"embeddable":true,"href":"https:\/\/semanariochilecitotv.com.ar\/index.php\/wp-json\/wp\/v2\/comments?post=22861"}],"version-history":[{"count":1,"href":"https:\/\/semanariochilecitotv.com.ar\/index.php\/wp-json\/wp\/v2\/posts\/22861\/revisions"}],"predecessor-version":[{"id":22863,"href":"https:\/\/semanariochilecitotv.com.ar\/index.php\/wp-json\/wp\/v2\/posts\/22861\/revisions\/22863"}],"wp:featuredmedia":[{"embeddable":true,"href":"https:\/\/semanariochilecitotv.com.ar\/index.php\/wp-json\/wp\/v2\/media\/22862"}],"wp:attachment":[{"href":"https:\/\/semanariochilecitotv.com.ar\/index.php\/wp-json\/wp\/v2\/media?parent=22861"}],"wp:term":[{"taxonomy":"category","embeddable":true,"href":"https:\/\/semanariochilecitotv.com.ar\/index.php\/wp-json\/wp\/v2\/categories?post=22861"},{"taxonomy":"post_tag","embeddable":true,"href":"https:\/\/semanariochilecitotv.com.ar\/index.php\/wp-json\/wp\/v2\/tags?post=22861"}],"curies":[{"name":"wp","href":"https:\/\/api.w.org\/{rel}","templated":true}]}}