{"id":22858,"date":"2026-04-28T13:09:36","date_gmt":"2026-04-28T13:09:36","guid":{"rendered":"https:\/\/semanariochilecitotv.com.ar\/?p=22858"},"modified":"2026-04-28T13:09:36","modified_gmt":"2026-04-28T13:09:36","slug":"la-rioja-firmo-un-acuerdo-con-la-empresa-china-hainan-trailblazer-para-avanzar-en-proyectos-mineros","status":"publish","type":"post","link":"https:\/\/semanariochilecitotv.com.ar\/index.php\/2026\/04\/28\/la-rioja-firmo-un-acuerdo-con-la-empresa-china-hainan-trailblazer-para-avanzar-en-proyectos-mineros\/","title":{"rendered":"La Rioja firm\u00f3 un acuerdo con la empresa china Hainan Trailblazer para avanzar en proyectos mineros"},"content":{"rendered":"<p>El gobernador Ricardo Quintela recibi\u00f3 a una delegaci\u00f3n de la firma asi\u00e1tica y consolid\u00f3 una agenda de trabajo con EMSE, en continuidad con las gestiones iniciadas durante la misi\u00f3n oficial a China realizada el a\u00f1o pasado.<!--more--><\/p>\n<p>El gobernador de La Rioja, Ricardo Quintela, recibi\u00f3 este lunes a representantes de la empresa china Hainan Trailblazer New Materials Technology, en el marco de una visita oficial orientada a fortalecer v\u00ednculos e impulsar proyectos de inversi\u00f3n minera en la Provincia.<\/p>\n<p>La llegada de la delegaci\u00f3n se inscribe en la continuidad de las gestiones iniciadas el a\u00f1o pasado, cuando una comitiva riojana encabezada por el mandatario provincial realiz\u00f3 una misi\u00f3n oficial a China para promover inversiones y establecer acuerdos de cooperaci\u00f3n en sectores estrat\u00e9gicos.<\/p>\n<p>De acuerdo con la informaci\u00f3n brindad por la secretaria de Miner\u00eda, Ivanna Guardia, la agenda incluy\u00f3 una recorrida por el departamento Rosario Vera Pe\u00f1aloza, donde los t\u00e9cnicos pudieron conocer el territorio, evaluar su potencial productivo y tomar muestras que ya fueron enviadas a China para su an\u00e1lisis.<\/p>\n<p>Como resultado de este trabajo, se concret\u00f3 la firma de un convenio entre la empresa asi\u00e1tica y la firma estatal Energ\u00eda y Minerales Sociedad del Estado (EMSE), con el objetivo de avanzar de manera conjunta en el desarrollo de distintos proyectos mineros en La Rioja.<\/p>\n<p>Estrategia provincial<\/p>\n<p>En ese marco, Ivanna Guardia explic\u00f3 que, una vez obtenidos los resultados de laboratorio, se continuar\u00e1 con las etapas t\u00e9cnicas previstas, lo que permitir\u00e1 definir el alcance de las inversiones y las acciones a implementar en el territorio.<\/p>\n<p>La visita se enmarca en una estrategia provincial orientada a promover el desarrollo productivo, atraer inversiones y fortalecer la articulaci\u00f3n internacional en sectores clave como la miner\u00eda.<\/p>\n<p>Del encuentro participaron tambi\u00e9n la diputada nacional Gabriela Pedrali; el jefe de Gabinete, Juan Luna Corzo; el secretario general de la Gobernaci\u00f3n, Ricardo Herrera; y el ministro de Trabajo, Empleo, Industria y Miner\u00eda, Federico Baz\u00e1n.<\/p>\n","protected":false},"excerpt":{"rendered":"<p>El gobernador Ricardo Quintela recibi\u00f3 a una delegaci\u00f3n de la firma asi\u00e1tica y consolid\u00f3 una agenda de trabajo con EMSE, en continuidad con las gestiones iniciadas durante la misi\u00f3n oficial a China realizada el a\u00f1o pasado.<\/p>\n","protected":false},"author":1,"featured_media":22859,"comment_status":"closed","ping_status":"closed","sticky":false,"template":"","format":"standard","meta":{"footnotes":""},"categories":[2],"tags":[],"class_list":["post-22858","post","type-post","status-publish","format-standard","has-post-thumbnail","hentry","category-locales"],"_links":{"self":[{"href":"https:\/\/semanariochilecitotv.com.ar\/index.php\/wp-json\/wp\/v2\/posts\/22858","targetHints":{"allow":["GET"]}}],"collection":[{"href":"https:\/\/semanariochilecitotv.com.ar\/index.php\/wp-json\/wp\/v2\/posts"}],"about":[{"href":"https:\/\/semanariochilecitotv.com.ar\/index.php\/wp-json\/wp\/v2\/types\/post"}],"author":[{"embeddable":true,"href":"https:\/\/semanariochilecitotv.com.ar\/index.php\/wp-json\/wp\/v2\/users\/1"}],"replies":[{"embeddable":true,"href":"https:\/\/semanariochilecitotv.com.ar\/index.php\/wp-json\/wp\/v2\/comments?post=22858"}],"version-history":[{"count":1,"href":"https:\/\/semanariochilecitotv.com.ar\/index.php\/wp-json\/wp\/v2\/posts\/22858\/revisions"}],"predecessor-version":[{"id":22860,"href":"https:\/\/semanariochilecitotv.com.ar\/index.php\/wp-json\/wp\/v2\/posts\/22858\/revisions\/22860"}],"wp:featuredmedia":[{"embeddable":true,"href":"https:\/\/semanariochilecitotv.com.ar\/index.php\/wp-json\/wp\/v2\/media\/22859"}],"wp:attachment":[{"href":"https:\/\/semanariochilecitotv.com.ar\/index.php\/wp-json\/wp\/v2\/media?parent=22858"}],"wp:term":[{"taxonomy":"category","embeddable":true,"href":"https:\/\/semanariochilecitotv.com.ar\/index.php\/wp-json\/wp\/v2\/categories?post=22858"},{"taxonomy":"post_tag","embeddable":true,"href":"https:\/\/semanariochilecitotv.com.ar\/index.php\/wp-json\/wp\/v2\/tags?post=22858"}],"curies":[{"name":"wp","href":"https:\/\/api.w.org\/{rel}","templated":true}]}}