{"id":22855,"date":"2026-04-28T13:01:26","date_gmt":"2026-04-28T13:01:26","guid":{"rendered":"https:\/\/semanariochilecitotv.com.ar\/?p=22855"},"modified":"2026-04-28T13:01:26","modified_gmt":"2026-04-28T13:01:26","slug":"el-cristo-del-portezuelo-reafirma-su-valor-como-simbolo-de-identidad-cultural-y-encuentro-social","status":"publish","type":"post","link":"https:\/\/semanariochilecitotv.com.ar\/index.php\/2026\/04\/28\/el-cristo-del-portezuelo-reafirma-su-valor-como-simbolo-de-identidad-cultural-y-encuentro-social\/","title":{"rendered":"El Cristo del Portezuelo reafirma su valor como s\u00edmbolo de identidad cultural y encuentro social"},"content":{"rendered":"<p>En el marco de su 15\u00b0 aniversario, el Gobierno provincial destac\u00f3 la importancia del sitio como espacio de integraci\u00f3n comunitaria. El secretario general de la Gobernaci\u00f3n, Ricardo Herrera, tambi\u00e9n se refiri\u00f3 a la necesidad de abordar la actividad minera con responsabilidad y respeto institucional.<!--more--><\/p>\n<p>En el marco del decimoquinto aniversario del Cristo del Portezuelo, en Chilecito, el secretario general de la Gobernaci\u00f3n, Ricardo Herrera, destac\u00f3 el valor del sitio como s\u00edmbolo de fe, identidad social y cultural, y puso en relieve la importancia de fortalecer estos espacios como puntos de encuentro comunitario.<\/p>\n<p>Durante la jornada, que cont\u00f3 con una amplia participaci\u00f3n de familias, j\u00f3venes, emprendedores y artistas locales, el funcionario defini\u00f3 al Cristo del Portezuelo como un \u201cpunto de encuentro y de identidad\u201d. En ese sentido, detall\u00f3 que se est\u00e1 llevando adelante un acondicionamiento integral que incluye nueva luminaria, trabajos de pintura y la restauraci\u00f3n de la obra junto al artista original.<\/p>\n<p>\u201cChilecito necesita que este sea el espacio de encuentro para manifestaciones culturales y sociales\u201d, expres\u00f3, y agreg\u00f3 que \u201ctraigo el mensaje del gobernador Ricardo Quintela de apoyo total para que los j\u00f3venes talentos de nuestra ciudad sigan creciendo\u201d, subrayando que, en contextos adversos, la salida es el trabajo conjunto entre el Municipio y la Provincia.<\/p>\n<p>Miner\u00eda con seriedad y responsabilidad<\/p>\n<p>Consultado por medios locales sobre la situaci\u00f3n minera en el Oeste riojano y la relaci\u00f3n con la provincia de San Juan, Herrera remarc\u00f3 la necesidad de abordar el tema con \u201cespecificidad y responsabilidad\u201d.<\/p>\n<p>En ese sentido, afirm\u00f3 que el Gobierno provincial sostiene una posici\u00f3n clara basada en el respeto a los derechos de los riojanos y riojanas, el cuidado del ambiente y la preservaci\u00f3n de las fuentes de trabajo, e inst\u00f3 a que cualquier conflicto se resuelva a trav\u00e9s de los canales institucionales correspondientes.<\/p>\n","protected":false},"excerpt":{"rendered":"<p>En el marco de su 15\u00b0 aniversario, el Gobierno provincial destac\u00f3 la importancia del sitio como espacio de integraci\u00f3n comunitaria. El secretario general de la Gobernaci\u00f3n, Ricardo Herrera, tambi\u00e9n se refiri\u00f3 a la necesidad de abordar la actividad minera con&#8230;<\/p>\n","protected":false},"author":1,"featured_media":22856,"comment_status":"closed","ping_status":"closed","sticky":false,"template":"","format":"standard","meta":{"footnotes":""},"categories":[2],"tags":[],"class_list":["post-22855","post","type-post","status-publish","format-standard","has-post-thumbnail","hentry","category-locales"],"_links":{"self":[{"href":"https:\/\/semanariochilecitotv.com.ar\/index.php\/wp-json\/wp\/v2\/posts\/22855","targetHints":{"allow":["GET"]}}],"collection":[{"href":"https:\/\/semanariochilecitotv.com.ar\/index.php\/wp-json\/wp\/v2\/posts"}],"about":[{"href":"https:\/\/semanariochilecitotv.com.ar\/index.php\/wp-json\/wp\/v2\/types\/post"}],"author":[{"embeddable":true,"href":"https:\/\/semanariochilecitotv.com.ar\/index.php\/wp-json\/wp\/v2\/users\/1"}],"replies":[{"embeddable":true,"href":"https:\/\/semanariochilecitotv.com.ar\/index.php\/wp-json\/wp\/v2\/comments?post=22855"}],"version-history":[{"count":1,"href":"https:\/\/semanariochilecitotv.com.ar\/index.php\/wp-json\/wp\/v2\/posts\/22855\/revisions"}],"predecessor-version":[{"id":22857,"href":"https:\/\/semanariochilecitotv.com.ar\/index.php\/wp-json\/wp\/v2\/posts\/22855\/revisions\/22857"}],"wp:featuredmedia":[{"embeddable":true,"href":"https:\/\/semanariochilecitotv.com.ar\/index.php\/wp-json\/wp\/v2\/media\/22856"}],"wp:attachment":[{"href":"https:\/\/semanariochilecitotv.com.ar\/index.php\/wp-json\/wp\/v2\/media?parent=22855"}],"wp:term":[{"taxonomy":"category","embeddable":true,"href":"https:\/\/semanariochilecitotv.com.ar\/index.php\/wp-json\/wp\/v2\/categories?post=22855"},{"taxonomy":"post_tag","embeddable":true,"href":"https:\/\/semanariochilecitotv.com.ar\/index.php\/wp-json\/wp\/v2\/tags?post=22855"}],"curies":[{"name":"wp","href":"https:\/\/api.w.org\/{rel}","templated":true}]}}