{"id":22847,"date":"2026-04-28T03:46:24","date_gmt":"2026-04-28T03:46:24","guid":{"rendered":"https:\/\/semanariochilecitotv.com.ar\/?p=22847"},"modified":"2026-04-28T03:46:24","modified_gmt":"2026-04-28T03:46:24","slug":"equipo-adaptado-las-aguilas","status":"publish","type":"post","link":"https:\/\/semanariochilecitotv.com.ar\/index.php\/2026\/04\/28\/equipo-adaptado-las-aguilas\/","title":{"rendered":"Equipo adaptado &#8220;Las \u00c1guilas \u201c"},"content":{"rendered":"<p>El equipo adaptado &#8220;Las Aguilas&#8221; que depende de la Secretaria de Deportes particip\u00f3 este pasado s\u00e1bado, en la Marat\u00f3n homenaje a don Pedro Escobar.<!--more--><\/p>\n<p>Llenos de entusiasmo y alegr\u00eda, los j\u00f3venes fueron parte de este evento acompa\u00f1ados por sus Profesores y familiares.<\/p>\n<p>El Intendente Rodrigo Brizuela y Doria y el Secretario de Deportes Jorge Fernando Castro felicitan a los Profesores Yamila Arias, Maximiliano Villafa\u00f1e y Lautaro Arias por el excelente trabajo con sus alumnos, que desde el amor y la contenci\u00f3n, los acompa\u00f1an.<\/p>\n<p>El agradecimiento a la familia Escobar por su atenci\u00f3n.-<\/p>\n","protected":false},"excerpt":{"rendered":"<p>El equipo adaptado &#8220;Las Aguilas&#8221; que depende de la Secretaria de Deportes particip\u00f3 este pasado s\u00e1bado, en la Marat\u00f3n homenaje a don Pedro Escobar.<\/p>\n","protected":false},"author":1,"featured_media":22848,"comment_status":"closed","ping_status":"closed","sticky":false,"template":"","format":"standard","meta":{"footnotes":""},"categories":[6],"tags":[],"class_list":["post-22847","post","type-post","status-publish","format-standard","has-post-thumbnail","hentry","category-deportes"],"_links":{"self":[{"href":"https:\/\/semanariochilecitotv.com.ar\/index.php\/wp-json\/wp\/v2\/posts\/22847","targetHints":{"allow":["GET"]}}],"collection":[{"href":"https:\/\/semanariochilecitotv.com.ar\/index.php\/wp-json\/wp\/v2\/posts"}],"about":[{"href":"https:\/\/semanariochilecitotv.com.ar\/index.php\/wp-json\/wp\/v2\/types\/post"}],"author":[{"embeddable":true,"href":"https:\/\/semanariochilecitotv.com.ar\/index.php\/wp-json\/wp\/v2\/users\/1"}],"replies":[{"embeddable":true,"href":"https:\/\/semanariochilecitotv.com.ar\/index.php\/wp-json\/wp\/v2\/comments?post=22847"}],"version-history":[{"count":1,"href":"https:\/\/semanariochilecitotv.com.ar\/index.php\/wp-json\/wp\/v2\/posts\/22847\/revisions"}],"predecessor-version":[{"id":22849,"href":"https:\/\/semanariochilecitotv.com.ar\/index.php\/wp-json\/wp\/v2\/posts\/22847\/revisions\/22849"}],"wp:featuredmedia":[{"embeddable":true,"href":"https:\/\/semanariochilecitotv.com.ar\/index.php\/wp-json\/wp\/v2\/media\/22848"}],"wp:attachment":[{"href":"https:\/\/semanariochilecitotv.com.ar\/index.php\/wp-json\/wp\/v2\/media?parent=22847"}],"wp:term":[{"taxonomy":"category","embeddable":true,"href":"https:\/\/semanariochilecitotv.com.ar\/index.php\/wp-json\/wp\/v2\/categories?post=22847"},{"taxonomy":"post_tag","embeddable":true,"href":"https:\/\/semanariochilecitotv.com.ar\/index.php\/wp-json\/wp\/v2\/tags?post=22847"}],"curies":[{"name":"wp","href":"https:\/\/api.w.org\/{rel}","templated":true}]}}