{"id":22844,"date":"2026-04-28T03:42:53","date_gmt":"2026-04-28T03:42:53","guid":{"rendered":"https:\/\/semanariochilecitotv.com.ar\/?p=22844"},"modified":"2026-04-28T03:42:53","modified_gmt":"2026-04-28T03:42:53","slug":"la-escuela-de-arte-celebra-40-anos-de-historia-y-formacion","status":"publish","type":"post","link":"https:\/\/semanariochilecitotv.com.ar\/index.php\/2026\/04\/28\/la-escuela-de-arte-celebra-40-anos-de-historia-y-formacion\/","title":{"rendered":"La Escuela de Arte celebra 40 a\u00f1os de historia y formaci\u00f3n"},"content":{"rendered":"<p>El pr\u00f3ximo 5 de mayo, la Escuela Municipal de Arte Prof. Osman P\u00e1ez conmemorar\u00e1 sus 40 a\u00f1os de trayectoria, consolid\u00e1ndose como un espacio fundamental para el desarrollo cultural de nuestra comunidad.<!--more--><\/p>\n<p>En este marco, el intendente Rodrigo Brizuela y Doria recibi\u00f3 a la secretaria de Cultura, Aurora Ram\u00edrez, junto a la directora de la instituci\u00f3n, Elsa Torres, con el objetivo de avanzar en la planificaci\u00f3n de las actividades conmemorativas.<\/p>\n<p>Se prev\u00e9 la realizaci\u00f3n de diversas propuestas que pondr\u00e1n en valor el rol de esta querida instituci\u00f3n municipal, que hoy cuenta con su sede central en Chilecito y presencia en 16 sedes distribuidas en distritos, superando los mil alumnos que se forman en talleres de aprendizaje, arte y oficio.<\/p>\n<p>Una historia construida con compromiso, talento y vocaci\u00f3n, que sigue creciendo y dejando huella en cada rinc\u00f3n del departamento.<\/p>\n","protected":false},"excerpt":{"rendered":"<p>El pr\u00f3ximo 5 de mayo, la Escuela Municipal de Arte Prof. Osman P\u00e1ez conmemorar\u00e1 sus 40 a\u00f1os de trayectoria, consolid\u00e1ndose como un espacio fundamental para el desarrollo cultural de nuestra comunidad.<\/p>\n","protected":false},"author":1,"featured_media":22845,"comment_status":"closed","ping_status":"closed","sticky":false,"template":"","format":"standard","meta":{"footnotes":""},"categories":[13],"tags":[],"class_list":["post-22844","post","type-post","status-publish","format-standard","has-post-thumbnail","hentry","category-educacion"],"_links":{"self":[{"href":"https:\/\/semanariochilecitotv.com.ar\/index.php\/wp-json\/wp\/v2\/posts\/22844","targetHints":{"allow":["GET"]}}],"collection":[{"href":"https:\/\/semanariochilecitotv.com.ar\/index.php\/wp-json\/wp\/v2\/posts"}],"about":[{"href":"https:\/\/semanariochilecitotv.com.ar\/index.php\/wp-json\/wp\/v2\/types\/post"}],"author":[{"embeddable":true,"href":"https:\/\/semanariochilecitotv.com.ar\/index.php\/wp-json\/wp\/v2\/users\/1"}],"replies":[{"embeddable":true,"href":"https:\/\/semanariochilecitotv.com.ar\/index.php\/wp-json\/wp\/v2\/comments?post=22844"}],"version-history":[{"count":1,"href":"https:\/\/semanariochilecitotv.com.ar\/index.php\/wp-json\/wp\/v2\/posts\/22844\/revisions"}],"predecessor-version":[{"id":22846,"href":"https:\/\/semanariochilecitotv.com.ar\/index.php\/wp-json\/wp\/v2\/posts\/22844\/revisions\/22846"}],"wp:featuredmedia":[{"embeddable":true,"href":"https:\/\/semanariochilecitotv.com.ar\/index.php\/wp-json\/wp\/v2\/media\/22845"}],"wp:attachment":[{"href":"https:\/\/semanariochilecitotv.com.ar\/index.php\/wp-json\/wp\/v2\/media?parent=22844"}],"wp:term":[{"taxonomy":"category","embeddable":true,"href":"https:\/\/semanariochilecitotv.com.ar\/index.php\/wp-json\/wp\/v2\/categories?post=22844"},{"taxonomy":"post_tag","embeddable":true,"href":"https:\/\/semanariochilecitotv.com.ar\/index.php\/wp-json\/wp\/v2\/tags?post=22844"}],"curies":[{"name":"wp","href":"https:\/\/api.w.org\/{rel}","templated":true}]}}