{"id":22841,"date":"2026-04-28T03:38:55","date_gmt":"2026-04-28T03:38:55","guid":{"rendered":"https:\/\/semanariochilecitotv.com.ar\/?p=22841"},"modified":"2026-04-28T03:38:55","modified_gmt":"2026-04-28T03:38:55","slug":"salud-lanzo-la-campana-de-invierno-para-prevenir-enfermedades-respiratorias-y-reducir-la-mortalidad-infantil","status":"publish","type":"post","link":"https:\/\/semanariochilecitotv.com.ar\/index.php\/2026\/04\/28\/salud-lanzo-la-campana-de-invierno-para-prevenir-enfermedades-respiratorias-y-reducir-la-mortalidad-infantil\/","title":{"rendered":"Salud lanz\u00f3 la Campa\u00f1a de Invierno para prevenir enfermedades respiratorias y reducir la mortalidad infantil"},"content":{"rendered":"<p>El Ministerio de Salud present\u00f3 una estrategia integral que articula vacunaci\u00f3n, vigilancia epidemiol\u00f3gica y fortalecimiento del primer nivel de atenci\u00f3n, con foco en la prevenci\u00f3n y el cuidado de la poblaci\u00f3n infantil.<!--more--><\/p>\n<p>Con el objetivo de reducir la mortalidad infantil vinculada a infecciones respiratorias, el Ministerio de Salud de La Rioja present\u00f3 una nueva edici\u00f3n de la Campa\u00f1a de Invierno, una estrategia integral que incluye vacunaci\u00f3n, vigilancia epidemiol\u00f3gica y el fortalecimiento del primer nivel de atenci\u00f3n.<\/p>\n<p>El lanzamiento cont\u00f3 con la participaci\u00f3n de autoridades sanitarias, equipos del Hospital de la Madre y el Ni\u00f1o y referentes de centros de salud y hospitales de toda la Provincia, incluidos los del interior que se sumaron de manera virtual, con el objetivo de coordinar acciones de cara al per\u00edodo m\u00e1s cr\u00edtico del a\u00f1o.<\/p>\n<p>Reforzar la prevenci\u00f3n<\/p>\n<p>En ese marco, el ministro de Salud, Juan Carlos Vergara, destac\u00f3 la importancia de anticiparse a la alta demanda estacional. \u201cLa idea es preparar y organizar los equipos de salud ante la creciente demanda de enfermedades respiratorias, sobre todo en la poblaci\u00f3n infantil\u201d, expres\u00f3.<\/p>\n<p>\u201cLa intenci\u00f3n es realizar un seguimiento, reforzar la prevenci\u00f3n \u2014donde la vacunaci\u00f3n es fundamental\u2014 y tratar desde el nivel primario de descomprimir el tercer nivel, donde llegan los casos m\u00e1s complejos\u201d.<\/p>\n<p>En la misma l\u00ednea, insisti\u00f3 en el trabajo articulado del sistema sanitario: \u201cPretendemos que llegue el menor n\u00famero de chicos posible al hospital. Los tres niveles de atenci\u00f3n tienen que trabajar en conjunto para garantizar continuidad en la atenci\u00f3n\u201d.<\/p>\n<p>\u201cVamos a tener un aumento de patolog\u00edas y una posibilidad m\u00e1s acotada en la provisi\u00f3n de medicamentos ante la quita de programas claves de Naci\u00f3n. La Provincia va a hacer todos los esfuerzos, pero el contexto es complejo&#8221;, se\u00f1al\u00f3.<\/p>\n<p>Organizar el sistema<\/p>\n<p>Por su parte, la directora de Salud Perinatal, Ni\u00f1ez y Adolescencia, Elvira Quiles, explic\u00f3 que la campa\u00f1a apunta a mejorar la organizaci\u00f3n del sistema sanitario: \u201ces una estrategia que busca organizar y mejorar la atenci\u00f3n de los ni\u00f1os menores de 5 a\u00f1os con patolog\u00edas respiratorias, articulando los tres niveles de atenci\u00f3n, especialmente ante el aumento de la demanda durante el invierno\u201d.<\/p>\n<p>En ese sentido, advirti\u00f3 que uno de los ejes ser\u00e1 la detecci\u00f3n temprana y el seguimiento desde el primer nivel: \u201cNos vamos a organizar identificando a los ni\u00f1os con patolog\u00edas respiratorias y haciendo el seguimiento desde el primer nivel de atenci\u00f3n\u201d. Asimismo, apunt\u00f3 a fortalecer \u201cla capacidad de resoluci\u00f3n de cada uno y garantizar una atenci\u00f3n oportuna, para disminuir la internaci\u00f3n de estos pacientes mediante una atenci\u00f3n previa adecuada\u201d.<\/p>\n<p>Completar esquemas de vacunaci\u00f3n<\/p>\n<p>Finalmente, las autoridades hicieron un llamado a la comunidad a reforzar los cuidados y completar los esquemas de vacunaci\u00f3n, especialmente en ni\u00f1os peque\u00f1os y mujeres embarazadas contra el Virus Sincicial Respiratorio (VSR), en una etapa del a\u00f1o considerada cr\u00edtica para las infecciones respiratorias.<\/p>\n<p>Participaron de la actividad la coordinadora del Plan Provincial de Salud, Romina Cuello; la secretaria de Gesti\u00f3n de Redes Integrales de Salud, Juliana Ju\u00e1rez; los subsecretarios Adolfo Vega, Eliana Alem y Laura Zapata; la directora ejecutiva del Hospital de la Madre y el Ni\u00f1o, Viviana P\u00e9rez, junto al director m\u00e9dico Camilo Arga\u00f1araz; adem\u00e1s de referentes de estad\u00edstica, coordinadores de centros de salud y otras autoridades sanitarias.<\/p>\n","protected":false},"excerpt":{"rendered":"<p>El Ministerio de Salud present\u00f3 una estrategia integral que articula vacunaci\u00f3n, vigilancia epidemiol\u00f3gica y fortalecimiento del primer nivel de atenci\u00f3n, con foco en la prevenci\u00f3n y el cuidado de la poblaci\u00f3n infantil.<\/p>\n","protected":false},"author":1,"featured_media":22842,"comment_status":"closed","ping_status":"closed","sticky":false,"template":"","format":"standard","meta":{"footnotes":""},"categories":[14],"tags":[],"class_list":["post-22841","post","type-post","status-publish","format-standard","has-post-thumbnail","hentry","category-salud"],"_links":{"self":[{"href":"https:\/\/semanariochilecitotv.com.ar\/index.php\/wp-json\/wp\/v2\/posts\/22841","targetHints":{"allow":["GET"]}}],"collection":[{"href":"https:\/\/semanariochilecitotv.com.ar\/index.php\/wp-json\/wp\/v2\/posts"}],"about":[{"href":"https:\/\/semanariochilecitotv.com.ar\/index.php\/wp-json\/wp\/v2\/types\/post"}],"author":[{"embeddable":true,"href":"https:\/\/semanariochilecitotv.com.ar\/index.php\/wp-json\/wp\/v2\/users\/1"}],"replies":[{"embeddable":true,"href":"https:\/\/semanariochilecitotv.com.ar\/index.php\/wp-json\/wp\/v2\/comments?post=22841"}],"version-history":[{"count":1,"href":"https:\/\/semanariochilecitotv.com.ar\/index.php\/wp-json\/wp\/v2\/posts\/22841\/revisions"}],"predecessor-version":[{"id":22843,"href":"https:\/\/semanariochilecitotv.com.ar\/index.php\/wp-json\/wp\/v2\/posts\/22841\/revisions\/22843"}],"wp:featuredmedia":[{"embeddable":true,"href":"https:\/\/semanariochilecitotv.com.ar\/index.php\/wp-json\/wp\/v2\/media\/22842"}],"wp:attachment":[{"href":"https:\/\/semanariochilecitotv.com.ar\/index.php\/wp-json\/wp\/v2\/media?parent=22841"}],"wp:term":[{"taxonomy":"category","embeddable":true,"href":"https:\/\/semanariochilecitotv.com.ar\/index.php\/wp-json\/wp\/v2\/categories?post=22841"},{"taxonomy":"post_tag","embeddable":true,"href":"https:\/\/semanariochilecitotv.com.ar\/index.php\/wp-json\/wp\/v2\/tags?post=22841"}],"curies":[{"name":"wp","href":"https:\/\/api.w.org\/{rel}","templated":true}]}}