{"id":22838,"date":"2026-04-28T03:33:29","date_gmt":"2026-04-28T03:33:29","guid":{"rendered":"https:\/\/semanariochilecitotv.com.ar\/?p=22838"},"modified":"2026-04-28T03:33:29","modified_gmt":"2026-04-28T03:33:29","slug":"convocan-a-participar-del-sello-buen-diseno-argentino-2026","status":"publish","type":"post","link":"https:\/\/semanariochilecitotv.com.ar\/index.php\/2026\/04\/28\/convocan-a-participar-del-sello-buen-diseno-argentino-2026\/","title":{"rendered":"Convocan a participar del Sello Buen Dise\u00f1o Argentino 2026"},"content":{"rendered":"<p>La Marca Provincia \u201cLa Rioja\u201d invita a PyMEs, productores, emprendedores y profesionales de todo el pa\u00eds a inscribirse en la 14.\u00aa edici\u00f3n del Sello Buen Dise\u00f1o Argentino. La convocatoria abarca no solo productos, sino tambi\u00e9n proyectos de innovaci\u00f3n en dise\u00f1o estrat\u00e9gico y comunicaci\u00f3n visual, reconociendo el valor del dise\u00f1o como herramienta clave para el desarrollo productivo y cultural.<!--more--><\/p>\n<p>La iniciativa se enmarca en la Ley N\u00ba 10.783, sancionada el 12 de diciembre de 2024, que establece la marca provincial \u201cLa Rioja\u201d para los bienes y servicios de origen riojano. En este contexto, la Secretar\u00eda de Comunicaci\u00f3n y Planificaci\u00f3n P\u00fablica y la Secretar\u00eda de Culturas de la Provincia acompa\u00f1an y articulan la difusi\u00f3n y el asesoramiento para la postulaci\u00f3n al Sello Buen Dise\u00f1o Argentino (SBD), la distinci\u00f3n nacional que promueve la innovaci\u00f3n a trav\u00e9s del dise\u00f1o en todo el pa\u00eds.<\/p>\n<p>En ese sentido, se destaca que la participaci\u00f3n en el SBD no se limita \u00fanicamente a productos, sino que abarca diversas categor\u00edas vinculadas al dise\u00f1o, tales como bienes industriales y artesanales, mobiliario, indumentaria y calzado, packaging, dise\u00f1o digital, as\u00ed como tambi\u00e9n proyectos de dise\u00f1o estrat\u00e9gico, comunicaci\u00f3n visual e innovaci\u00f3n en servicios.<\/p>\n<p>La convocatoria nacional permanecer\u00e1 abierta hasta el 8 de mayo de 2026 y est\u00e1 dirigida a empresas, estudios, cooperativas y profesionales de todo el pa\u00eds.<\/p>\n<p>Requisitos b\u00e1sicos: Podr\u00e1n postular emprendimientos, empresas o profesionales que desarrollen proyectos de dise\u00f1o con impacto productivo, cultural o comunicacional. Se requiere contar con CUIT y clave fiscal (nivel 2) para realizar la inscripci\u00f3n online a trav\u00e9s de la plataforma Tr\u00e1mites a Distancia (TAD). El proceso incluye completar un formulario en l\u00ednea y adjuntar im\u00e1genes y documentaci\u00f3n de los proyectos. Cada postulante puede inscribir hasta 7 desarrollos.<\/p>\n<p>Beneficios: Los distinguidos con el Sello obtienen inclusi\u00f3n en el cat\u00e1logo oficial del SBD, difusi\u00f3n en medios especializados e invitaciones a exhibiciones nacionales e internacionales. Adem\u00e1s, el programa facilita v\u00ednculos comerciales y oportunidades de posicionamiento para proyectos con alto valor en dise\u00f1o.<\/p>\n<p>Las personas interesadas pueden ingresar al sitio oficial del Sello Buen Dise\u00f1o Argentino (sbd.produccion.gob.ar) para acceder a las bases y condiciones. Para m\u00e1s informaci\u00f3n y acompa\u00f1amiento en el proceso de inscripci\u00f3n, se puede contactar a la Secretar\u00eda de Comunicaci\u00f3n y Planificaci\u00f3n P\u00fablica y a la Secretar\u00eda de Culturas.<\/p>\n<p>Sumarse al Sello Buen Dise\u00f1o Argentino es una oportunidad para visibilizar el talento y la innovaci\u00f3n en dise\u00f1o, proyect\u00e1ndolos a escala nacional a trav\u00e9s de la Marca La Rioja.<\/p>\n","protected":false},"excerpt":{"rendered":"<p>La Marca Provincia \u201cLa Rioja\u201d invita a PyMEs, productores, emprendedores y profesionales de todo el pa\u00eds a inscribirse en la 14.\u00aa edici\u00f3n del Sello Buen Dise\u00f1o Argentino. La convocatoria abarca no solo productos, sino tambi\u00e9n proyectos de innovaci\u00f3n en dise\u00f1o&#8230;<\/p>\n","protected":false},"author":1,"featured_media":22839,"comment_status":"closed","ping_status":"closed","sticky":false,"template":"","format":"standard","meta":{"footnotes":""},"categories":[3],"tags":[],"class_list":["post-22838","post","type-post","status-publish","format-standard","has-post-thumbnail","hentry","category-provinciales"],"_links":{"self":[{"href":"https:\/\/semanariochilecitotv.com.ar\/index.php\/wp-json\/wp\/v2\/posts\/22838","targetHints":{"allow":["GET"]}}],"collection":[{"href":"https:\/\/semanariochilecitotv.com.ar\/index.php\/wp-json\/wp\/v2\/posts"}],"about":[{"href":"https:\/\/semanariochilecitotv.com.ar\/index.php\/wp-json\/wp\/v2\/types\/post"}],"author":[{"embeddable":true,"href":"https:\/\/semanariochilecitotv.com.ar\/index.php\/wp-json\/wp\/v2\/users\/1"}],"replies":[{"embeddable":true,"href":"https:\/\/semanariochilecitotv.com.ar\/index.php\/wp-json\/wp\/v2\/comments?post=22838"}],"version-history":[{"count":1,"href":"https:\/\/semanariochilecitotv.com.ar\/index.php\/wp-json\/wp\/v2\/posts\/22838\/revisions"}],"predecessor-version":[{"id":22840,"href":"https:\/\/semanariochilecitotv.com.ar\/index.php\/wp-json\/wp\/v2\/posts\/22838\/revisions\/22840"}],"wp:featuredmedia":[{"embeddable":true,"href":"https:\/\/semanariochilecitotv.com.ar\/index.php\/wp-json\/wp\/v2\/media\/22839"}],"wp:attachment":[{"href":"https:\/\/semanariochilecitotv.com.ar\/index.php\/wp-json\/wp\/v2\/media?parent=22838"}],"wp:term":[{"taxonomy":"category","embeddable":true,"href":"https:\/\/semanariochilecitotv.com.ar\/index.php\/wp-json\/wp\/v2\/categories?post=22838"},{"taxonomy":"post_tag","embeddable":true,"href":"https:\/\/semanariochilecitotv.com.ar\/index.php\/wp-json\/wp\/v2\/tags?post=22838"}],"curies":[{"name":"wp","href":"https:\/\/api.w.org\/{rel}","templated":true}]}}