{"id":22832,"date":"2026-04-28T03:19:54","date_gmt":"2026-04-28T03:19:54","guid":{"rendered":"https:\/\/semanariochilecitotv.com.ar\/?p=22832"},"modified":"2026-04-28T03:19:54","modified_gmt":"2026-04-28T03:19:54","slug":"fuerte-respaldo-a-los-trabajadores-en-la-apertura-de-la-jornada-de-seguridad-e-higiene","status":"publish","type":"post","link":"https:\/\/semanariochilecitotv.com.ar\/index.php\/2026\/04\/28\/fuerte-respaldo-a-los-trabajadores-en-la-apertura-de-la-jornada-de-seguridad-e-higiene\/","title":{"rendered":"Fuerte respaldo a los trabajadores en la apertura de la Jornada de Seguridad e Higiene"},"content":{"rendered":"<p>La vicegobernadora Teresita Madera encabez\u00f3 la apertura de la Jornada de Seguridad e Higiene, en una actividad organizada por la Secretar\u00eda de Trabajo de la Provincia, donde reafirm\u00f3 el compromiso del Estado riojano con la defensa de los derechos laborales y el acompa\u00f1amiento permanente a los trabajadores y trabajadoras.<!--more--><\/p>\n<p>En un contexto econ\u00f3mico y social desafiante, Madera puso en valor estos espacios de capacitaci\u00f3n no solo como instancias de formaci\u00f3n, sino tambi\u00e9n como herramientas concretas para fortalecer la protecci\u00f3n del empleo y las condiciones dignas de trabajo. \u201cFrente a las dificultades que atraviesa nuestro pa\u00eds, es m\u00e1s necesario que nunca estar cerca de los trabajadores, escucharlos y generar pol\u00edticas que los cuiden\u201d, expres\u00f3.<\/p>\n<p>La vicegobernadora transmiti\u00f3 tambi\u00e9n el saludo del gobernador y ratific\u00f3 la decisi\u00f3n pol\u00edtica de continuar impulsando acciones que promuevan el empleo y mejores condiciones laborales. \u201cNo hay desarrollo posible sin trabajadores protegidos y sin pol\u00edticas p\u00fablicas que los acompa\u00f1en\u201d, afirm\u00f3.<\/p>\n<p>Por su parte, la secretaria de Trabajo, Miriam Espinosa, se\u00f1al\u00f3 que la jornada se enmarca en la conmemoraci\u00f3n del D\u00eda Nacional e Internacional de la Seguridad e Higiene, y subray\u00f3 la importancia de fortalecer la prevenci\u00f3n como pol\u00edtica p\u00fablica. Destac\u00f3 adem\u00e1s el trabajo conjunto con sindicatos, colegios profesionales y organismos nacionales.<\/p>\n<p>En tanto, el representante de la Superintendencia de Riesgos del Trabajo, licenciado Mariano Furlan, valor\u00f3 la convocatoria y remarc\u00f3 la importancia de generar conciencia sobre la prevenci\u00f3n como eje central para garantizar entornos laborales seguros.<\/p>\n","protected":false},"excerpt":{"rendered":"<p>La vicegobernadora Teresita Madera encabez\u00f3 la apertura de la Jornada de Seguridad e Higiene, en una actividad organizada por la Secretar\u00eda de Trabajo de la Provincia, donde reafirm\u00f3 el compromiso del Estado riojano con la defensa de los derechos laborales&#8230;<\/p>\n","protected":false},"author":1,"featured_media":22833,"comment_status":"closed","ping_status":"closed","sticky":false,"template":"","format":"standard","meta":{"footnotes":""},"categories":[3],"tags":[],"class_list":["post-22832","post","type-post","status-publish","format-standard","has-post-thumbnail","hentry","category-provinciales"],"_links":{"self":[{"href":"https:\/\/semanariochilecitotv.com.ar\/index.php\/wp-json\/wp\/v2\/posts\/22832","targetHints":{"allow":["GET"]}}],"collection":[{"href":"https:\/\/semanariochilecitotv.com.ar\/index.php\/wp-json\/wp\/v2\/posts"}],"about":[{"href":"https:\/\/semanariochilecitotv.com.ar\/index.php\/wp-json\/wp\/v2\/types\/post"}],"author":[{"embeddable":true,"href":"https:\/\/semanariochilecitotv.com.ar\/index.php\/wp-json\/wp\/v2\/users\/1"}],"replies":[{"embeddable":true,"href":"https:\/\/semanariochilecitotv.com.ar\/index.php\/wp-json\/wp\/v2\/comments?post=22832"}],"version-history":[{"count":1,"href":"https:\/\/semanariochilecitotv.com.ar\/index.php\/wp-json\/wp\/v2\/posts\/22832\/revisions"}],"predecessor-version":[{"id":22834,"href":"https:\/\/semanariochilecitotv.com.ar\/index.php\/wp-json\/wp\/v2\/posts\/22832\/revisions\/22834"}],"wp:featuredmedia":[{"embeddable":true,"href":"https:\/\/semanariochilecitotv.com.ar\/index.php\/wp-json\/wp\/v2\/media\/22833"}],"wp:attachment":[{"href":"https:\/\/semanariochilecitotv.com.ar\/index.php\/wp-json\/wp\/v2\/media?parent=22832"}],"wp:term":[{"taxonomy":"category","embeddable":true,"href":"https:\/\/semanariochilecitotv.com.ar\/index.php\/wp-json\/wp\/v2\/categories?post=22832"},{"taxonomy":"post_tag","embeddable":true,"href":"https:\/\/semanariochilecitotv.com.ar\/index.php\/wp-json\/wp\/v2\/tags?post=22832"}],"curies":[{"name":"wp","href":"https:\/\/api.w.org\/{rel}","templated":true}]}}