{"id":22825,"date":"2026-04-27T04:16:01","date_gmt":"2026-04-27T04:16:01","guid":{"rendered":"https:\/\/semanariochilecitotv.com.ar\/?p=22825"},"modified":"2026-04-27T04:16:01","modified_gmt":"2026-04-27T04:16:01","slug":"hecho-de-robo-con-uso-de-arma-de-fuego","status":"publish","type":"post","link":"https:\/\/semanariochilecitotv.com.ar\/index.php\/2026\/04\/27\/hecho-de-robo-con-uso-de-arma-de-fuego\/","title":{"rendered":"Hecho de Robo con uso de arma de fuego"},"content":{"rendered":"<p>El d\u00eda S\u00e1bado 25 a hs. 22:50, aproximadamente personal de Comisar\u00eda Segunda y del Dpto Investigaciones, intervinieron en un hecho de Robo con uso de arma de fuego, donde dos personas encapuchadas ingresaron sorpresivamente a un local comercial destinado a verduler\u00eda por Calle 1 de Junio del Barrio Evita de \u00e9sta Ciudad, y amenazando a los propietarios del lugar con arma de fuego, sustrajeron la suma aproximada de $500.000 (moneda de circulaci\u00f3n nacional). Luego de ello se fugan r\u00e1pidamente del lugar a bordo de una motocicleta 110 cc, de color oscuro.<!--more--><\/p>\n<p>El personal policial actuante se encuentra abocado a \u00e9sta investigaci\u00f3n con conocimiento del Juzgado de Turno, con el fin de lograr obtener elementos probatorios que nos ayuden a la identificaci\u00f3n y posterior detenci\u00f3n de las personas involucradas en el hecho delictivo.<\/p>\n","protected":false},"excerpt":{"rendered":"<p>El d\u00eda S\u00e1bado 25 a hs. 22:50, aproximadamente personal de Comisar\u00eda Segunda y del Dpto Investigaciones, intervinieron en un hecho de Robo con uso de arma de fuego, donde dos personas encapuchadas ingresaron sorpresivamente a un local comercial destinado a&#8230;<\/p>\n","protected":false},"author":1,"featured_media":22826,"comment_status":"closed","ping_status":"closed","sticky":false,"template":"","format":"standard","meta":{"footnotes":""},"categories":[17],"tags":[],"class_list":["post-22825","post","type-post","status-publish","format-standard","has-post-thumbnail","hentry","category-policiales"],"_links":{"self":[{"href":"https:\/\/semanariochilecitotv.com.ar\/index.php\/wp-json\/wp\/v2\/posts\/22825","targetHints":{"allow":["GET"]}}],"collection":[{"href":"https:\/\/semanariochilecitotv.com.ar\/index.php\/wp-json\/wp\/v2\/posts"}],"about":[{"href":"https:\/\/semanariochilecitotv.com.ar\/index.php\/wp-json\/wp\/v2\/types\/post"}],"author":[{"embeddable":true,"href":"https:\/\/semanariochilecitotv.com.ar\/index.php\/wp-json\/wp\/v2\/users\/1"}],"replies":[{"embeddable":true,"href":"https:\/\/semanariochilecitotv.com.ar\/index.php\/wp-json\/wp\/v2\/comments?post=22825"}],"version-history":[{"count":1,"href":"https:\/\/semanariochilecitotv.com.ar\/index.php\/wp-json\/wp\/v2\/posts\/22825\/revisions"}],"predecessor-version":[{"id":22827,"href":"https:\/\/semanariochilecitotv.com.ar\/index.php\/wp-json\/wp\/v2\/posts\/22825\/revisions\/22827"}],"wp:featuredmedia":[{"embeddable":true,"href":"https:\/\/semanariochilecitotv.com.ar\/index.php\/wp-json\/wp\/v2\/media\/22826"}],"wp:attachment":[{"href":"https:\/\/semanariochilecitotv.com.ar\/index.php\/wp-json\/wp\/v2\/media?parent=22825"}],"wp:term":[{"taxonomy":"category","embeddable":true,"href":"https:\/\/semanariochilecitotv.com.ar\/index.php\/wp-json\/wp\/v2\/categories?post=22825"},{"taxonomy":"post_tag","embeddable":true,"href":"https:\/\/semanariochilecitotv.com.ar\/index.php\/wp-json\/wp\/v2\/tags?post=22825"}],"curies":[{"name":"wp","href":"https:\/\/api.w.org\/{rel}","templated":true}]}}