{"id":22813,"date":"2026-04-27T03:16:29","date_gmt":"2026-04-27T03:16:29","guid":{"rendered":"https:\/\/semanariochilecitotv.com.ar\/?p=22813"},"modified":"2026-04-27T03:16:29","modified_gmt":"2026-04-27T03:16:29","slug":"identificacion-de-factores-criticos-para-el-desarrollo-tecnoproductivo-de-la-region-noa","status":"publish","type":"post","link":"https:\/\/semanariochilecitotv.com.ar\/index.php\/2026\/04\/27\/identificacion-de-factores-criticos-para-el-desarrollo-tecnoproductivo-de-la-region-noa\/","title":{"rendered":"IDENTIFICACI\u00d3N DE FACTORES CR\u00cdTICOS PARA EL DESARROLLO TECNOPRODUCTIVO DE LA REGI\u00d3N NOA"},"content":{"rendered":"<p>El taller \u201cIdentificaci\u00f3n de factores cr\u00edticos para el desarrollo tecnoproductivo de la Regi\u00f3n NOA\u201d, realizado el d\u00eda 23 de abril del corriente a\u00f1o,\u00a0en sal\u00f3n de reuniones INTA EEA Salta, en el horario de 8:30 a 16:30, conto con la participaci\u00f3n de t\u00e9cnicos de la EEA INTA Chilecito y de la Ing. Johana Apaulaza, gerente de CARPA y miembro del Consejo Regional del INTA Catamarca \u2013 La Rioja.<!--more--><\/p>\n<p>La actividad se enmarc\u00f3 \u00a0en el proceso de planificaci\u00f3n estrat\u00e9gica del Instituto Nacional de Tecnolog\u00eda Agropecuaria (INTA) para el periodo 2026 \u2013 2035, con el prop\u00f3sito de formular los Planes de Mediano Plazo institucionales y redefinir su cartera de proyectos. Dicho proceso se desarrolla a partir de enfoque que integra an\u00e1lisis prospectivos y definici\u00f3n de estrategias de intervenci\u00f3n, en un contexto caracterizado por transformaciones tecnol\u00f3gicas, productivas y ambientales de creciente complejidad.<\/p>\n<p>En este proceso donde se busca que la participaci\u00f3n de referentes externos sea un componente sustantivo del mismo, ya que, permite incorporar perspectivas estrat\u00e9gicas, conocimiento especializado y visiones complementarias sobre las din\u00e1micas sectoriales y territoriales. es este sentido fue que dada la trayectoria y experiencia, de la Ing. Apaulaza se consider\u00f3 muy valiosa su participaci\u00f3n en esta instancia, la cual contribuir\u00e1 a enriquecer el an\u00e1lisis y fortalecer la construcci\u00f3n. colectiva de una visi\u00f3n estrat\u00e9gica para el desarrollo agrobioindustrial<\/p>\n","protected":false},"excerpt":{"rendered":"<p>El taller \u201cIdentificaci\u00f3n de factores cr\u00edticos para el desarrollo tecnoproductivo de la Regi\u00f3n NOA\u201d, realizado el d\u00eda 23 de abril del corriente a\u00f1o,\u00a0en sal\u00f3n de reuniones INTA EEA Salta, en el horario de 8:30 a 16:30, conto con la participaci\u00f3n&#8230;<\/p>\n","protected":false},"author":1,"featured_media":22814,"comment_status":"closed","ping_status":"closed","sticky":false,"template":"","format":"standard","meta":{"footnotes":""},"categories":[16],"tags":[],"class_list":["post-22813","post","type-post","status-publish","format-standard","has-post-thumbnail","hentry","category-produccion"],"_links":{"self":[{"href":"https:\/\/semanariochilecitotv.com.ar\/index.php\/wp-json\/wp\/v2\/posts\/22813","targetHints":{"allow":["GET"]}}],"collection":[{"href":"https:\/\/semanariochilecitotv.com.ar\/index.php\/wp-json\/wp\/v2\/posts"}],"about":[{"href":"https:\/\/semanariochilecitotv.com.ar\/index.php\/wp-json\/wp\/v2\/types\/post"}],"author":[{"embeddable":true,"href":"https:\/\/semanariochilecitotv.com.ar\/index.php\/wp-json\/wp\/v2\/users\/1"}],"replies":[{"embeddable":true,"href":"https:\/\/semanariochilecitotv.com.ar\/index.php\/wp-json\/wp\/v2\/comments?post=22813"}],"version-history":[{"count":1,"href":"https:\/\/semanariochilecitotv.com.ar\/index.php\/wp-json\/wp\/v2\/posts\/22813\/revisions"}],"predecessor-version":[{"id":22815,"href":"https:\/\/semanariochilecitotv.com.ar\/index.php\/wp-json\/wp\/v2\/posts\/22813\/revisions\/22815"}],"wp:featuredmedia":[{"embeddable":true,"href":"https:\/\/semanariochilecitotv.com.ar\/index.php\/wp-json\/wp\/v2\/media\/22814"}],"wp:attachment":[{"href":"https:\/\/semanariochilecitotv.com.ar\/index.php\/wp-json\/wp\/v2\/media?parent=22813"}],"wp:term":[{"taxonomy":"category","embeddable":true,"href":"https:\/\/semanariochilecitotv.com.ar\/index.php\/wp-json\/wp\/v2\/categories?post=22813"},{"taxonomy":"post_tag","embeddable":true,"href":"https:\/\/semanariochilecitotv.com.ar\/index.php\/wp-json\/wp\/v2\/tags?post=22813"}],"curies":[{"name":"wp","href":"https:\/\/api.w.org\/{rel}","templated":true}]}}