{"id":22802,"date":"2026-04-27T02:43:07","date_gmt":"2026-04-27T02:43:07","guid":{"rendered":"https:\/\/semanariochilecitotv.com.ar\/?p=22802"},"modified":"2026-04-27T03:22:22","modified_gmt":"2026-04-27T03:22:22","slug":"una-fotografa-italiana-de-proyeccion-internacional-eligio-la-rioja-y-mostro-sus-paisajes-al-mundo","status":"publish","type":"post","link":"https:\/\/semanariochilecitotv.com.ar\/index.php\/2026\/04\/27\/una-fotografa-italiana-de-proyeccion-internacional-eligio-la-rioja-y-mostro-sus-paisajes-al-mundo\/","title":{"rendered":"Una fot\u00f3grafa italiana de proyecci\u00f3n internacional eligi\u00f3 La Rioja y mostr\u00f3 sus paisajes al mundo"},"content":{"rendered":"<p>Isabella Tabacchi, cuyas im\u00e1genes fueron publicadas en National Geographic, recorri\u00f3 destinos emblem\u00e1ticos de la provincia y destac\u00f3 la singularidad de sus escenarios naturales. \u201cLa Rioja tiene paisajes de otro planeta\u201d, asegur\u00f3.<!--more--><\/p>\n<p>La Rioja vuelve a posicionarse en la escena internacional como un destino capaz de sorprender incluso a las miradas m\u00e1s expertas. En esta oportunidad, la reconocida fot\u00f3grafa italiana Isabella Tabacchi, especialista en paisajes y cuyas im\u00e1genes han sido publicadas en National Geographic, eligi\u00f3 la provincia para capturar algunos de los escenarios m\u00e1s impactantes de Argentina.<\/p>\n<p>Durante su visita, Tabacchi recorri\u00f3 el Parque Nacional Talampaya, uno de los \u00edconos naturales del pa\u00eds y Patrimonio Mundial de la UNESCO. All\u00ed qued\u00f3 profundamente impresionada por la magnitud del paisaje, sus formaciones rojizas y la inmensidad del entorno. \u201cLa Rioja tiene paisajes de otro planeta\u201d, expres\u00f3, destacando adem\u00e1s la pureza del cielo riojano, ideal para la fotograf\u00eda por sus colores, su profundidad y su calidad de luz.<\/p>\n<p>Su trabajo se centra en capturar la esencia de los territorios a trav\u00e9s de la luz y la atm\u00f3sfera, y en La Rioja encontr\u00f3 un escenario que potencia al m\u00e1ximo esa b\u00fasqueda art\u00edstica: paredones milenarios, horizontes infinitos y una geograf\u00eda que parece salida de otro mundo.<\/p>\n<p>La fot\u00f3grafa tambi\u00e9n visit\u00f3 otros destinos emblem\u00e1ticos de la provincia, como el Corona del Inca, la Laguna Brava y el Volcancito, en el departamento Vinchina. Estos paisajes de altura, donde conviven volcanes, lagunas altoandinas y fauna aut\u00f3ctona como flamencos y vicu\u00f1as, ofrecen condiciones \u00fanicas para la fotograf\u00eda de naturaleza y aventura.<\/p>\n<p>Cada uno de estos lugares representa una oportunidad para capturar momentos irrepetibles: amaneceres en la cordillera de los Andes, reflejos en lagunas de altura y cielos limpios que se transforman en verdaderos lienzos naturales. La presencia de una artista de su trayectoria no solo pone en valor la riqueza paisaj\u00edstica de La Rioja, sino que tambi\u00e9n proyecta su imagen hacia audiencias internacionales que siguen su trabajo alrededor del mundo.<\/p>\n<p>Quienes deseen conocer m\u00e1s sobre su obra pueden visitar su sitio web oficial y redes sociales, donde comparte sus registros de paisajes de distintas partes del mundo.<\/p>\n","protected":false},"excerpt":{"rendered":"<p>Isabella Tabacchi, cuyas im\u00e1genes fueron publicadas en National Geographic, recorri\u00f3 destinos emblem\u00e1ticos de la provincia y destac\u00f3 la singularidad de sus escenarios naturales. \u201cLa Rioja tiene paisajes de otro planeta\u201d, asegur\u00f3.<\/p>\n","protected":false},"author":1,"featured_media":22820,"comment_status":"closed","ping_status":"closed","sticky":false,"template":"","format":"standard","meta":{"footnotes":""},"categories":[2],"tags":[],"class_list":["post-22802","post","type-post","status-publish","format-standard","has-post-thumbnail","hentry","category-locales"],"_links":{"self":[{"href":"https:\/\/semanariochilecitotv.com.ar\/index.php\/wp-json\/wp\/v2\/posts\/22802","targetHints":{"allow":["GET"]}}],"collection":[{"href":"https:\/\/semanariochilecitotv.com.ar\/index.php\/wp-json\/wp\/v2\/posts"}],"about":[{"href":"https:\/\/semanariochilecitotv.com.ar\/index.php\/wp-json\/wp\/v2\/types\/post"}],"author":[{"embeddable":true,"href":"https:\/\/semanariochilecitotv.com.ar\/index.php\/wp-json\/wp\/v2\/users\/1"}],"replies":[{"embeddable":true,"href":"https:\/\/semanariochilecitotv.com.ar\/index.php\/wp-json\/wp\/v2\/comments?post=22802"}],"version-history":[{"count":1,"href":"https:\/\/semanariochilecitotv.com.ar\/index.php\/wp-json\/wp\/v2\/posts\/22802\/revisions"}],"predecessor-version":[{"id":22803,"href":"https:\/\/semanariochilecitotv.com.ar\/index.php\/wp-json\/wp\/v2\/posts\/22802\/revisions\/22803"}],"wp:featuredmedia":[{"embeddable":true,"href":"https:\/\/semanariochilecitotv.com.ar\/index.php\/wp-json\/wp\/v2\/media\/22820"}],"wp:attachment":[{"href":"https:\/\/semanariochilecitotv.com.ar\/index.php\/wp-json\/wp\/v2\/media?parent=22802"}],"wp:term":[{"taxonomy":"category","embeddable":true,"href":"https:\/\/semanariochilecitotv.com.ar\/index.php\/wp-json\/wp\/v2\/categories?post=22802"},{"taxonomy":"post_tag","embeddable":true,"href":"https:\/\/semanariochilecitotv.com.ar\/index.php\/wp-json\/wp\/v2\/tags?post=22802"}],"curies":[{"name":"wp","href":"https:\/\/api.w.org\/{rel}","templated":true}]}}