{"id":22800,"date":"2026-04-27T02:38:13","date_gmt":"2026-04-27T02:38:13","guid":{"rendered":"https:\/\/semanariochilecitotv.com.ar\/?p=22800"},"modified":"2026-04-27T02:38:13","modified_gmt":"2026-04-27T02:38:13","slug":"alerta-en-los-olivares-riojanos","status":"publish","type":"post","link":"https:\/\/semanariochilecitotv.com.ar\/index.php\/2026\/04\/27\/alerta-en-los-olivares-riojanos\/","title":{"rendered":"ALERTA EN LOS OLIVARES RIOJANOS"},"content":{"rendered":"<p>La bi\u00f3loga e investigadora de la UNDeC, Donna Rattalino, advirti\u00f3 sobre niveles preocupantes de \u201crama seca\u201d en cultivos de la provincia de La Rioja a partir de una investigaci\u00f3n surgida de su tesis acad\u00e9mica. El estudio detect\u00f3 que la enfermedad afecta en promedio al 24% de las plantas, con picos de hasta el 80% en algunas parcelas. \u00a0Se trata de un s\u00edndrome causado por un hongo que ingresa por las ra\u00edces, bloquea la circulaci\u00f3n de agua y provoca el secado de los \u00e1rboles.<!--more--><br \/>\nLa Dra. Rattalino convoca a productores oliv\u00edcolas a sumarse a la investigaci\u00f3n para avanzar en soluciones y frenar el impacto en una de las econom\u00edas clave de La Rioja. Para sumarse al proyecto contactarse: drattalino@undec.edu.ar &#8211; o al cel. 3825417547<\/p>\n","protected":false},"excerpt":{"rendered":"<p>La bi\u00f3loga e investigadora de la UNDeC, Donna Rattalino, advirti\u00f3 sobre niveles preocupantes de \u201crama seca\u201d en cultivos de la provincia de La Rioja a partir de una investigaci\u00f3n surgida de su tesis acad\u00e9mica. El estudio detect\u00f3 que la enfermedad&#8230;<\/p>\n","protected":false},"author":1,"featured_media":22641,"comment_status":"closed","ping_status":"closed","sticky":false,"template":"","format":"standard","meta":{"footnotes":""},"categories":[16],"tags":[],"class_list":["post-22800","post","type-post","status-publish","format-standard","has-post-thumbnail","hentry","category-produccion"],"_links":{"self":[{"href":"https:\/\/semanariochilecitotv.com.ar\/index.php\/wp-json\/wp\/v2\/posts\/22800","targetHints":{"allow":["GET"]}}],"collection":[{"href":"https:\/\/semanariochilecitotv.com.ar\/index.php\/wp-json\/wp\/v2\/posts"}],"about":[{"href":"https:\/\/semanariochilecitotv.com.ar\/index.php\/wp-json\/wp\/v2\/types\/post"}],"author":[{"embeddable":true,"href":"https:\/\/semanariochilecitotv.com.ar\/index.php\/wp-json\/wp\/v2\/users\/1"}],"replies":[{"embeddable":true,"href":"https:\/\/semanariochilecitotv.com.ar\/index.php\/wp-json\/wp\/v2\/comments?post=22800"}],"version-history":[{"count":1,"href":"https:\/\/semanariochilecitotv.com.ar\/index.php\/wp-json\/wp\/v2\/posts\/22800\/revisions"}],"predecessor-version":[{"id":22801,"href":"https:\/\/semanariochilecitotv.com.ar\/index.php\/wp-json\/wp\/v2\/posts\/22800\/revisions\/22801"}],"wp:featuredmedia":[{"embeddable":true,"href":"https:\/\/semanariochilecitotv.com.ar\/index.php\/wp-json\/wp\/v2\/media\/22641"}],"wp:attachment":[{"href":"https:\/\/semanariochilecitotv.com.ar\/index.php\/wp-json\/wp\/v2\/media?parent=22800"}],"wp:term":[{"taxonomy":"category","embeddable":true,"href":"https:\/\/semanariochilecitotv.com.ar\/index.php\/wp-json\/wp\/v2\/categories?post=22800"},{"taxonomy":"post_tag","embeddable":true,"href":"https:\/\/semanariochilecitotv.com.ar\/index.php\/wp-json\/wp\/v2\/tags?post=22800"}],"curies":[{"name":"wp","href":"https:\/\/api.w.org\/{rel}","templated":true}]}}