{"id":22794,"date":"2026-04-27T02:30:12","date_gmt":"2026-04-27T02:30:12","guid":{"rendered":"https:\/\/semanariochilecitotv.com.ar\/?p=22794"},"modified":"2026-04-27T02:30:12","modified_gmt":"2026-04-27T02:30:12","slug":"red-latinoamericana-del-vino","status":"publish","type":"post","link":"https:\/\/semanariochilecitotv.com.ar\/index.php\/2026\/04\/27\/red-latinoamericana-del-vino\/","title":{"rendered":"Red Latinoamericana del Vino"},"content":{"rendered":"<p>La\u00a0Universidad Nacional de Chilecito\u00a0particip\u00f3 recientemente de una jornada de trabajo para conformar la \u00a0Red Latinoamericana del Vino, una iniciativa de la UNCuyo a trav\u00e9s de su\u00a0\u00c1rea de Vinculaci\u00f3n y Transferencia Cient\u00edfico Tecnol\u00f3gica.\u00a0 La misma tiene por objetivo \u00a0vincular instituciones y actores de las distintas regiones de producci\u00f3n vitivin\u00edcola de Am\u00e9rica Latina, promoviendo intercambios, cooperaci\u00f3n y acciones conjuntas en materia de formaci\u00f3n, buenas pr\u00e1cticas, investigaci\u00f3n, extensi\u00f3n, cultura, innovaci\u00f3n, sostenibilidad, \u00a0enoturismo, fortalecimiento institucional y desarrollo territorial.<!--more--><\/p>\n<p>Del encuentro particip\u00f3 en representaci\u00f3n de la\u00a0UNdeC el Mgtr. Javier R. Nieva, adem\u00e1s de otros representantes de universidades argentinas de distintas regiones vitivin\u00edcolas como la\u00a0Universidad Nacional del\u00a0Comahue, Universidad Nacional de\u00a0San Juan y Universidad Nacional de\u00a0C\u00f3rdoba, junto a la Universidad de Mendoza y la Universidad Juan Agust\u00edn Maza. Tambi\u00e9n fueron parte del encuentro\u00a0 la Universidad de la Rep\u00fablica (Uruguay), las universidades de Chile y Talca, la Universidad Federal de Rio Grande do Sul (Brasil), la Universidad An\u00e1huac (M\u00e9xico), la Universidad Aut\u00f3noma Juan Misael Saracho (Bolivia) y la Universidad San Juan Bautista (Per\u00fa). En la oportunidad se avanz\u00f3 en el an\u00e1lisis del documento de formalizaci\u00f3n de la Red, elaborado con el \u00a0acompa\u00f1amiento del \u00e1rea de Legales del Rectorado de la UNCuyo. Este instrumento contempla aspectos clave como la cooperaci\u00f3n t\u00e9cnica mutua, la protecci\u00f3n de la propiedad intelectual en investigaciones conjuntas y un esquema de gobernanza rotativa.\u00a0 Tambi\u00e9n se valid\u00f3 la\u00a0Plataforma Virtual de la Red, un ecosistema digital que funcionar\u00e1 como motor de la colaboraci\u00f3n, permitiendo acceder a un observatorio de datos sobre mercados y cambio clim\u00e1tico, gestionar movilidad acad\u00e9mica y fortalecer la vinculaci\u00f3n entre investigadores y el sector productivo. La consolidaci\u00f3n de la\u00a0Red Latinoamericana del Vino\u00a0representa un paso clave para profundizar la cooperaci\u00f3n internacional, impulsar la generaci\u00f3n de conocimiento y promover acciones conjuntas que contribuyan al desarrollo sostenible de la vitivinicultura en Am\u00e9rica Latina<\/p>\n","protected":false},"excerpt":{"rendered":"<p>La\u00a0Universidad Nacional de Chilecito\u00a0particip\u00f3 recientemente de una jornada de trabajo para conformar la \u00a0Red Latinoamericana del Vino, una iniciativa de la UNCuyo a trav\u00e9s de su\u00a0\u00c1rea de Vinculaci\u00f3n y Transferencia Cient\u00edfico Tecnol\u00f3gica.\u00a0 La misma tiene por objetivo \u00a0vincular instituciones y&#8230;<\/p>\n","protected":false},"author":1,"featured_media":22795,"comment_status":"closed","ping_status":"closed","sticky":false,"template":"","format":"standard","meta":{"footnotes":""},"categories":[16],"tags":[],"class_list":["post-22794","post","type-post","status-publish","format-standard","has-post-thumbnail","hentry","category-produccion"],"_links":{"self":[{"href":"https:\/\/semanariochilecitotv.com.ar\/index.php\/wp-json\/wp\/v2\/posts\/22794","targetHints":{"allow":["GET"]}}],"collection":[{"href":"https:\/\/semanariochilecitotv.com.ar\/index.php\/wp-json\/wp\/v2\/posts"}],"about":[{"href":"https:\/\/semanariochilecitotv.com.ar\/index.php\/wp-json\/wp\/v2\/types\/post"}],"author":[{"embeddable":true,"href":"https:\/\/semanariochilecitotv.com.ar\/index.php\/wp-json\/wp\/v2\/users\/1"}],"replies":[{"embeddable":true,"href":"https:\/\/semanariochilecitotv.com.ar\/index.php\/wp-json\/wp\/v2\/comments?post=22794"}],"version-history":[{"count":1,"href":"https:\/\/semanariochilecitotv.com.ar\/index.php\/wp-json\/wp\/v2\/posts\/22794\/revisions"}],"predecessor-version":[{"id":22796,"href":"https:\/\/semanariochilecitotv.com.ar\/index.php\/wp-json\/wp\/v2\/posts\/22794\/revisions\/22796"}],"wp:featuredmedia":[{"embeddable":true,"href":"https:\/\/semanariochilecitotv.com.ar\/index.php\/wp-json\/wp\/v2\/media\/22795"}],"wp:attachment":[{"href":"https:\/\/semanariochilecitotv.com.ar\/index.php\/wp-json\/wp\/v2\/media?parent=22794"}],"wp:term":[{"taxonomy":"category","embeddable":true,"href":"https:\/\/semanariochilecitotv.com.ar\/index.php\/wp-json\/wp\/v2\/categories?post=22794"},{"taxonomy":"post_tag","embeddable":true,"href":"https:\/\/semanariochilecitotv.com.ar\/index.php\/wp-json\/wp\/v2\/tags?post=22794"}],"curies":[{"name":"wp","href":"https:\/\/api.w.org\/{rel}","templated":true}]}}