{"id":22020,"date":"2026-03-13T11:39:29","date_gmt":"2026-03-13T11:39:29","guid":{"rendered":"https:\/\/semanariochilecitotv.com.ar\/?p=22020"},"modified":"2026-03-13T11:39:29","modified_gmt":"2026-03-13T11:39:29","slug":"hoy-jura-el-nuevo-ministro-de-hacienda-perfil-del-cr-fabian-blanco","status":"publish","type":"post","link":"https:\/\/semanariochilecitotv.com.ar\/index.php\/2026\/03\/13\/hoy-jura-el-nuevo-ministro-de-hacienda-perfil-del-cr-fabian-blanco\/","title":{"rendered":"Hoy Jura el nuevo \u00a0Ministro de Hacienda &#8211; Perfil del Cr. Fabi\u00e1n Blanco"},"content":{"rendered":"<p>Con m\u00e1s de dos d\u00e9cadas de trayectoria en la administraci\u00f3n p\u00fablica, el contador Orlando Fabi\u00e1n Blanco G\u00f3mez asumir\u00e1 este viernes 13 de marzo de 2026 como ministro de Hacienda y Finanzas P\u00fablicas del Gobierno de La Rioja, integrando el equipo econ\u00f3mico de la gesti\u00f3n que encabeza el gobernador Ricardo Quintela.<!--more--><\/p>\n<p>Nacido en la ciudad de La Rioja, Blanco tiene 53 a\u00f1os y es Contador P\u00fablico egresado de la Universidad Nacional de La Rioja. Desde sus inicios profesionales orient\u00f3 su carrera hacia la gesti\u00f3n p\u00fablica, especialmente en \u00e1reas vinculadas a la administraci\u00f3n financiera del Estado, la pol\u00edtica tributaria y el control de los recursos p\u00fablicos.<\/p>\n<p>Sus primeros pasos en la funci\u00f3n p\u00fablica se dieron en la Municipalidad de la Capital, donde fue Subtesorero General entre 2000 y 2003. Posteriormente se desempe\u00f1\u00f3 como Director General de Rentas municipal entre 2004 y 2007, cargo al que regres\u00f3 nuevamente entre 2009 y 2010, consolidando experiencia en materia de recaudaci\u00f3n tributaria y administraci\u00f3n de ingresos p\u00fablicos.<\/p>\n<p>Entre 2010 y 2011 integr\u00f3 el Gobierno provincial como Subsecretario de Salud, participando en la gesti\u00f3n administrativa y financiera de esa cartera. M\u00e1s adelante continu\u00f3 su labor vinculada a la administraci\u00f3n p\u00fablica como asesor especializado en la Secretar\u00eda de Hacienda municipal.<\/p>\n<p>Entre 2015 y 2019 se desempe\u00f1\u00f3 como Director General de Control Inteligente en el Tribunal de Cuentas Municipal, desde donde trabaj\u00f3 en tareas de fiscalizaci\u00f3n, seguimiento de la ejecuci\u00f3n presupuestaria y control de la gesti\u00f3n p\u00fablica.<\/p>\n<p>En junio de 2020 fue convocado por el gobernador Ricardo Quintela para integrar el equipo econ\u00f3mico del Gobierno de La Rioja como Secretario de Hacienda. Desde esa funci\u00f3n tuvo a su cargo la administraci\u00f3n financiera de la provincia, la gesti\u00f3n de la tesorer\u00eda y la elaboraci\u00f3n de herramientas presupuestarias para garantizar el funcionamiento del Estado provincial, adem\u00e1s de participar en instancias de negociaci\u00f3n con el Gobierno nacional para la obtenci\u00f3n de recursos y financiamiento.<\/p>\n<p>Reconocido dentro de la gesti\u00f3n por su perfil t\u00e9cnico, su experiencia en la administraci\u00f3n de los recursos p\u00fablicos y su conocimiento del funcionamiento financiero del Estado, Fabi\u00e1n Blanco asume ahora la responsabilidad de conducir el Ministerio de Hacienda y Finanzas P\u00fablicas de la provincia en un contexto econ\u00f3mico complejo, con el desaf\u00edo de sostener el equilibrio financiero y fortalecer las pol\u00edticas de administraci\u00f3n de los recursos provinciales.<\/p>\n","protected":false},"excerpt":{"rendered":"<p>Con m\u00e1s de dos d\u00e9cadas de trayectoria en la administraci\u00f3n p\u00fablica, el contador Orlando Fabi\u00e1n Blanco G\u00f3mez asumir\u00e1 este viernes 13 de marzo de 2026 como ministro de Hacienda y Finanzas P\u00fablicas del Gobierno de La Rioja, integrando el equipo&#8230;<\/p>\n","protected":false},"author":1,"featured_media":22021,"comment_status":"closed","ping_status":"closed","sticky":false,"template":"","format":"standard","meta":{"footnotes":""},"categories":[3],"tags":[],"class_list":["post-22020","post","type-post","status-publish","format-standard","has-post-thumbnail","hentry","category-provinciales"],"_links":{"self":[{"href":"https:\/\/semanariochilecitotv.com.ar\/index.php\/wp-json\/wp\/v2\/posts\/22020","targetHints":{"allow":["GET"]}}],"collection":[{"href":"https:\/\/semanariochilecitotv.com.ar\/index.php\/wp-json\/wp\/v2\/posts"}],"about":[{"href":"https:\/\/semanariochilecitotv.com.ar\/index.php\/wp-json\/wp\/v2\/types\/post"}],"author":[{"embeddable":true,"href":"https:\/\/semanariochilecitotv.com.ar\/index.php\/wp-json\/wp\/v2\/users\/1"}],"replies":[{"embeddable":true,"href":"https:\/\/semanariochilecitotv.com.ar\/index.php\/wp-json\/wp\/v2\/comments?post=22020"}],"version-history":[{"count":1,"href":"https:\/\/semanariochilecitotv.com.ar\/index.php\/wp-json\/wp\/v2\/posts\/22020\/revisions"}],"predecessor-version":[{"id":22022,"href":"https:\/\/semanariochilecitotv.com.ar\/index.php\/wp-json\/wp\/v2\/posts\/22020\/revisions\/22022"}],"wp:featuredmedia":[{"embeddable":true,"href":"https:\/\/semanariochilecitotv.com.ar\/index.php\/wp-json\/wp\/v2\/media\/22021"}],"wp:attachment":[{"href":"https:\/\/semanariochilecitotv.com.ar\/index.php\/wp-json\/wp\/v2\/media?parent=22020"}],"wp:term":[{"taxonomy":"category","embeddable":true,"href":"https:\/\/semanariochilecitotv.com.ar\/index.php\/wp-json\/wp\/v2\/categories?post=22020"},{"taxonomy":"post_tag","embeddable":true,"href":"https:\/\/semanariochilecitotv.com.ar\/index.php\/wp-json\/wp\/v2\/tags?post=22020"}],"curies":[{"name":"wp","href":"https:\/\/api.w.org\/{rel}","templated":true}]}}