{"id":22017,"date":"2026-03-13T00:40:50","date_gmt":"2026-03-13T00:40:50","guid":{"rendered":"https:\/\/semanariochilecitotv.com.ar\/?p=22017"},"modified":"2026-03-13T00:40:50","modified_gmt":"2026-03-13T00:40:50","slug":"derechos-humanos-presento-a-quintela-la-agenda-por-los-50-anos-del-golpe-de-estado","status":"publish","type":"post","link":"https:\/\/semanariochilecitotv.com.ar\/index.php\/2026\/03\/13\/derechos-humanos-presento-a-quintela-la-agenda-por-los-50-anos-del-golpe-de-estado\/","title":{"rendered":"Derechos Humanos present\u00f3 a Quintela la agenda por los 50 a\u00f1os del golpe de Estado"},"content":{"rendered":"<p>El Gobernador mantuvo un encuentro con Delfor Brizuela, quien detall\u00f3 las actividades previstas durante marzo y a lo largo del a\u00f1o en conmemoraci\u00f3n del 50\u00ba aniversario del golpe c\u00edvico-militar. Las iniciativas incluyen actos, se\u00f1alizaciones de sitios de memoria, actividades culturales y programas de formaci\u00f3n en derechos humanos.<!--more--><\/p>\n<p>El gobernador Ricardo Quintela recibi\u00f3 este mi\u00e9rcoles al secretario de Derechos Humanos de la provincia, Delfor Brizuela, quien present\u00f3 una serie de actividades que se desarrollar\u00e1n durante el mes de marzo y a lo largo del a\u00f1o en el marco del 50\u00ba aniversario del golpe de Estado c\u00edvico-militar de 1976.<\/p>\n<p>Tras el encuentro, Brizuela explic\u00f3 que las iniciativas se organizan junto a distintos organismos provinciales.<\/p>\n<p>\u201cHemos venido con el director de Promoci\u00f3n de la Secretar\u00eda de Derechos Humanos, Marcelo Acosta, con quien llevamos adelante, junto a otros organismos p\u00fablicos como Cultura, Educaci\u00f3n, Comunicaci\u00f3n y Desarrollo Social \u2014a trav\u00e9s del Consejo para la Tercera Edad\u2014, una serie de actividades para este mes tan significativo\u201d, indic\u00f3.<\/p>\n<p>El funcionario destac\u00f3 adem\u00e1s el respaldo del Gobierno provincial a las pol\u00edticas de memoria.<\/p>\n<p>\u201cTenemos el respaldo del gobernador. En contraste con lo que sucede a nivel nacional, nuestro gobierno ha mantenido y sostenido en el tiempo las banderas de los derechos humanos y de Memoria, Verdad y Justicia. Concretamente, presentamos al gobernador todas las actividades programadas para este mes, que comenzaron el d\u00eda 6 y se extender\u00e1n durante todo el a\u00f1o\u201d, expres\u00f3.<\/p>\n<p>En ese sentido, explic\u00f3 que la Legislatura provincial aprob\u00f3 una ley que establece el lema institucional del a\u00f1o, vinculado a los 50 a\u00f1os del golpe militar y tambi\u00e9n al 50\u00ba aniversario del martirio de monse\u00f1or Enrique Angelelli y sus compa\u00f1eros.<\/p>\n<p>Actividades<\/p>\n<p>Entre las actividades previstas se encuentra el acto central del 24 de marzo, que se realizar\u00e1 en Chamical, donde se se\u00f1alizar\u00e1n distintos sitios vinculados a la memoria hist\u00f3rica. \u201cVamos a se\u00f1alizar la puerta de la parroquia donde fueron secuestrados los dos sacerdotes, la casa de las hermanas donde primero fueron buscados, y tambi\u00e9n la sede Chamical de la Universidad Nacional de La Rioja, que en ese momento era la Universidad Provincial\u201d, explic\u00f3.<\/p>\n<p>Brizuela tambi\u00e9n adelant\u00f3 otras actividades previstas para los pr\u00f3ximos meses, entre ellas la presentaci\u00f3n del libro de Sergio Maldonado, hermano de Santiago Maldonado, y la presentaci\u00f3n de una obra teatral del reconocido actor Norman Briski.<\/p>\n<p>Asimismo, destac\u00f3 el avance en la implementaci\u00f3n de la Ley Provincial N.\u00ba 10.634, que establece la capacitaci\u00f3n obligatoria en derechos humanos para toda la administraci\u00f3n p\u00fablica, incluyendo los poderes Ejecutivo, Legislativo y Judicial, as\u00ed como tambi\u00e9n los municipios.<\/p>\n<p>\u201cEstamos trabajando en los m\u00f3dulos y en la metodolog\u00eda pedag\u00f3gica para llevar esta formaci\u00f3n a cada \u00e1rea del Estado provincial y tambi\u00e9n al \u00e1mbito universitario\u201d, explic\u00f3.<\/p>\n<p>La capacitaci\u00f3n contar\u00e1 con cinco ejes principales: introducci\u00f3n general a los derechos humanos, violencia institucional, pueblos originarios, memoria, verdad y justicia, y discriminaci\u00f3n.<\/p>\n<p>Fortalecer la democracia<\/p>\n<p>Seg\u00fan el funcionario, este tipo de pol\u00edticas p\u00fablicas resultan fundamentales para fortalecer la democracia. \u201cEl empleado p\u00fablico necesita tener claros algunos conceptos fundamentales y tambi\u00e9n revisar pr\u00e1cticas dentro de los propios organismos. La democracia se sostiene justamente en los derechos humanos\u201d, afirm\u00f3.<\/p>\n<p>Durante la reuni\u00f3n tambi\u00e9n se abord\u00f3 el avance de las obras de recuperaci\u00f3n del Espacio Provincial de la Memoria, inmueble expropiado por el Estado provincial en 2020.<\/p>\n<p>\u201cPresentamos un proyecto y el gobernador aprob\u00f3 un nuevo tramo para continuar con la reconstrucci\u00f3n. Hoy tenemos recuperado aproximadamente el 40% de la casa original y esperamos avanzar un 10% m\u00e1s durante este a\u00f1o, a pesar de las restricciones econ\u00f3micas\u201d, detall\u00f3.<\/p>\n<p>Finalmente, Brizuela subray\u00f3 el significado del 24 de marzo en el contexto actual.<\/p>\n<p>\u201cComo cada a\u00f1o, y especialmente en este aniversario n\u00famero 50, reafirmamos con mucha fuerza el Nunca M\u00e1s: nunca m\u00e1s dictadura, nunca m\u00e1s genocidio, nunca m\u00e1s terrorismo de Estado, porque todo eso va en contra del pueblo y de la democracia\u201d, concluy\u00f3.<\/p>\n","protected":false},"excerpt":{"rendered":"<p>El Gobernador mantuvo un encuentro con Delfor Brizuela, quien detall\u00f3 las actividades previstas durante marzo y a lo largo del a\u00f1o en conmemoraci\u00f3n del 50\u00ba aniversario del golpe c\u00edvico-militar. Las iniciativas incluyen actos, se\u00f1alizaciones de sitios de memoria, actividades culturales&#8230;<\/p>\n","protected":false},"author":1,"featured_media":22018,"comment_status":"closed","ping_status":"closed","sticky":false,"template":"","format":"standard","meta":{"footnotes":""},"categories":[3],"tags":[],"class_list":["post-22017","post","type-post","status-publish","format-standard","has-post-thumbnail","hentry","category-provinciales"],"_links":{"self":[{"href":"https:\/\/semanariochilecitotv.com.ar\/index.php\/wp-json\/wp\/v2\/posts\/22017","targetHints":{"allow":["GET"]}}],"collection":[{"href":"https:\/\/semanariochilecitotv.com.ar\/index.php\/wp-json\/wp\/v2\/posts"}],"about":[{"href":"https:\/\/semanariochilecitotv.com.ar\/index.php\/wp-json\/wp\/v2\/types\/post"}],"author":[{"embeddable":true,"href":"https:\/\/semanariochilecitotv.com.ar\/index.php\/wp-json\/wp\/v2\/users\/1"}],"replies":[{"embeddable":true,"href":"https:\/\/semanariochilecitotv.com.ar\/index.php\/wp-json\/wp\/v2\/comments?post=22017"}],"version-history":[{"count":1,"href":"https:\/\/semanariochilecitotv.com.ar\/index.php\/wp-json\/wp\/v2\/posts\/22017\/revisions"}],"predecessor-version":[{"id":22019,"href":"https:\/\/semanariochilecitotv.com.ar\/index.php\/wp-json\/wp\/v2\/posts\/22017\/revisions\/22019"}],"wp:featuredmedia":[{"embeddable":true,"href":"https:\/\/semanariochilecitotv.com.ar\/index.php\/wp-json\/wp\/v2\/media\/22018"}],"wp:attachment":[{"href":"https:\/\/semanariochilecitotv.com.ar\/index.php\/wp-json\/wp\/v2\/media?parent=22017"}],"wp:term":[{"taxonomy":"category","embeddable":true,"href":"https:\/\/semanariochilecitotv.com.ar\/index.php\/wp-json\/wp\/v2\/categories?post=22017"},{"taxonomy":"post_tag","embeddable":true,"href":"https:\/\/semanariochilecitotv.com.ar\/index.php\/wp-json\/wp\/v2\/tags?post=22017"}],"curies":[{"name":"wp","href":"https:\/\/api.w.org\/{rel}","templated":true}]}}