{"id":22014,"date":"2026-03-13T00:35:32","date_gmt":"2026-03-13T00:35:32","guid":{"rendered":"https:\/\/semanariochilecitotv.com.ar\/?p=22014"},"modified":"2026-03-13T00:35:32","modified_gmt":"2026-03-13T00:35:32","slug":"avanza-el-operativo-de-limpieza","status":"publish","type":"post","link":"https:\/\/semanariochilecitotv.com.ar\/index.php\/2026\/03\/13\/avanza-el-operativo-de-limpieza\/","title":{"rendered":"Avanza el operativo de limpieza"},"content":{"rendered":"<p>El Gobierno Municipal contin\u00faa con el trabajo de levantamiento de \u00e1ridos en esquinas y distintos sectores de la ciudad donde se acumularon materiales luego de las \u00faltimas lluvias.<!--more--><\/p>\n<p>En este marco, la Secretar\u00eda de Ambiente, a trav\u00e9s de sus grupos de trabajo, organiz\u00f3 un cronograma de acci\u00f3n que avanza desde el centro hacia la periferia, permitiendo abarcar progresivamente m\u00e1s sectores y generando un amplio impacto en la limpieza de la ciudad.<\/p>\n","protected":false},"excerpt":{"rendered":"<p>El Gobierno Municipal contin\u00faa con el trabajo de levantamiento de \u00e1ridos en esquinas y distintos sectores de la ciudad donde se acumularon materiales luego de las \u00faltimas lluvias.<\/p>\n","protected":false},"author":1,"featured_media":22015,"comment_status":"closed","ping_status":"closed","sticky":false,"template":"","format":"standard","meta":{"footnotes":""},"categories":[2],"tags":[],"class_list":["post-22014","post","type-post","status-publish","format-standard","has-post-thumbnail","hentry","category-locales"],"_links":{"self":[{"href":"https:\/\/semanariochilecitotv.com.ar\/index.php\/wp-json\/wp\/v2\/posts\/22014","targetHints":{"allow":["GET"]}}],"collection":[{"href":"https:\/\/semanariochilecitotv.com.ar\/index.php\/wp-json\/wp\/v2\/posts"}],"about":[{"href":"https:\/\/semanariochilecitotv.com.ar\/index.php\/wp-json\/wp\/v2\/types\/post"}],"author":[{"embeddable":true,"href":"https:\/\/semanariochilecitotv.com.ar\/index.php\/wp-json\/wp\/v2\/users\/1"}],"replies":[{"embeddable":true,"href":"https:\/\/semanariochilecitotv.com.ar\/index.php\/wp-json\/wp\/v2\/comments?post=22014"}],"version-history":[{"count":1,"href":"https:\/\/semanariochilecitotv.com.ar\/index.php\/wp-json\/wp\/v2\/posts\/22014\/revisions"}],"predecessor-version":[{"id":22016,"href":"https:\/\/semanariochilecitotv.com.ar\/index.php\/wp-json\/wp\/v2\/posts\/22014\/revisions\/22016"}],"wp:featuredmedia":[{"embeddable":true,"href":"https:\/\/semanariochilecitotv.com.ar\/index.php\/wp-json\/wp\/v2\/media\/22015"}],"wp:attachment":[{"href":"https:\/\/semanariochilecitotv.com.ar\/index.php\/wp-json\/wp\/v2\/media?parent=22014"}],"wp:term":[{"taxonomy":"category","embeddable":true,"href":"https:\/\/semanariochilecitotv.com.ar\/index.php\/wp-json\/wp\/v2\/categories?post=22014"},{"taxonomy":"post_tag","embeddable":true,"href":"https:\/\/semanariochilecitotv.com.ar\/index.php\/wp-json\/wp\/v2\/tags?post=22014"}],"curies":[{"name":"wp","href":"https:\/\/api.w.org\/{rel}","templated":true}]}}