{"id":22011,"date":"2026-03-13T00:32:31","date_gmt":"2026-03-13T00:32:31","guid":{"rendered":"https:\/\/semanariochilecitotv.com.ar\/?p=22011"},"modified":"2026-03-13T00:32:31","modified_gmt":"2026-03-13T00:32:31","slug":"la-legislatura-riojana-fue-escenario-de-arte-resiliencia-y-un-profundo-mensaje-de-inclusion","status":"publish","type":"post","link":"https:\/\/semanariochilecitotv.com.ar\/index.php\/2026\/03\/13\/la-legislatura-riojana-fue-escenario-de-arte-resiliencia-y-un-profundo-mensaje-de-inclusion\/","title":{"rendered":"La Legislatura riojana fue escenario de arte, resiliencia y un profundo mensaje de inclusi\u00f3n"},"content":{"rendered":"<p>En una jornada marcada por la emotividad y el compromiso social, la C\u00e1mara de Diputados y Diputadas de la Provincia inaugur\u00f3 las muestras pict\u00f3ricas \u201cEntre Aromas y Luchas\u201d del grupo \u201cLas Chakanas\u201d y \u201cCuando hay inclusi\u00f3n todo es posible\u201d de la joven Helena Megias.<!--more--><\/p>\n<p>La actividad se desarroll\u00f3 en el Corredor Cultural Prof. Emilia Basso, impulsada por la vicegobernadora, Teresita Madera, qui\u00e9n comparti\u00f3 un profundo mensaje de unidad y compromiso social en la inauguraci\u00f3n de las muestras pict\u00f3ricas. Durante su discurso, Madera destac\u00f3 este espacio de encuentro y representaci\u00f3n.<\/p>\n<p>&#8220;Esta es una Legislatura de puertas abiertas que no tiene miedo a tratar los temas que debamos tratar ni de asumir los desaf\u00edos para que La Rioja sea una provincia que nos abraza&#8221;, afirm\u00f3 la mandataria.<\/p>\n<p>Madera subray\u00f3 que estas obras no son solo una exhibici\u00f3n de talento, sino la muestra de la &#8220;vida misma&#8221; y de las luchas que la sociedad a\u00fan debe dar por la igualdad. Al referirse a las expositoras, remarc\u00f3 la importancia de superar barreras, citando el ejemplo de la joven Helena Megias y el compromiso del colectivo Las Chakanas: &#8220;El arte siempre salva, y yo estoy convencida de que as\u00ed es; pero adem\u00e1s del arte, el compromiso, la responsabilidad y una mirada en conjunto tambi\u00e9n salva&#8221;.<\/p>\n<p>El arte como bandera de lucha y resiliencia<\/p>\n<p>El colectivo de artistas pl\u00e1sticas \u201cLas Chakanas\u201d \u2014integrado por Karina Espeche, Silvia Nieto, Ana Carolina Derobertis y Carolina M\u00e1rquez \u00c1vila\u2014 present\u00f3 una obra que celebr\u00f3 la esencia femenina. Durante el acto, la Prof. Silvia Nieto brind\u00f3 unas palabras de agradecimiento, destacando que sus producciones representan la belleza y la fuerza que brotan en la adversidad, funcionando como un testimonio de la lucha cotidiana y la identidad colectiva.<\/p>\n<p>Por otro lado, la muestra de Helena Megias, una adolescente de 14 a\u00f1os oriunda de R\u00edo Gallegos, conmovi\u00f3 a los presentes. Helena, quien convive con TDAH, encontr\u00f3 en el arte un canal de comunicaci\u00f3n ante las barreras educativas y sociales. Sus familiares fueron los encargados de relatar la historia de superaci\u00f3n de la joven, remarcando que la inclusi\u00f3n sigue siendo una deuda pendiente en la sociedad.<\/p>\n<p>Presencia institucional<\/p>\n<p>El evento cont\u00f3 con la participaci\u00f3n de destacadas autoridades, entre ellas la Vicegobernadora, Teresita Madera; el Vicepresidente 1\u00b0, Claudio Mario Ruiz; diputados provinciales; secretarios legislativos; empleados y p\u00fablico en general.<\/p>\n","protected":false},"excerpt":{"rendered":"<p>En una jornada marcada por la emotividad y el compromiso social, la C\u00e1mara de Diputados y Diputadas de la Provincia inaugur\u00f3 las muestras pict\u00f3ricas \u201cEntre Aromas y Luchas\u201d del grupo \u201cLas Chakanas\u201d y \u201cCuando hay inclusi\u00f3n todo es posible\u201d de&#8230;<\/p>\n","protected":false},"author":1,"featured_media":22012,"comment_status":"closed","ping_status":"closed","sticky":false,"template":"","format":"standard","meta":{"footnotes":""},"categories":[3],"tags":[],"class_list":["post-22011","post","type-post","status-publish","format-standard","has-post-thumbnail","hentry","category-provinciales"],"_links":{"self":[{"href":"https:\/\/semanariochilecitotv.com.ar\/index.php\/wp-json\/wp\/v2\/posts\/22011","targetHints":{"allow":["GET"]}}],"collection":[{"href":"https:\/\/semanariochilecitotv.com.ar\/index.php\/wp-json\/wp\/v2\/posts"}],"about":[{"href":"https:\/\/semanariochilecitotv.com.ar\/index.php\/wp-json\/wp\/v2\/types\/post"}],"author":[{"embeddable":true,"href":"https:\/\/semanariochilecitotv.com.ar\/index.php\/wp-json\/wp\/v2\/users\/1"}],"replies":[{"embeddable":true,"href":"https:\/\/semanariochilecitotv.com.ar\/index.php\/wp-json\/wp\/v2\/comments?post=22011"}],"version-history":[{"count":1,"href":"https:\/\/semanariochilecitotv.com.ar\/index.php\/wp-json\/wp\/v2\/posts\/22011\/revisions"}],"predecessor-version":[{"id":22013,"href":"https:\/\/semanariochilecitotv.com.ar\/index.php\/wp-json\/wp\/v2\/posts\/22011\/revisions\/22013"}],"wp:featuredmedia":[{"embeddable":true,"href":"https:\/\/semanariochilecitotv.com.ar\/index.php\/wp-json\/wp\/v2\/media\/22012"}],"wp:attachment":[{"href":"https:\/\/semanariochilecitotv.com.ar\/index.php\/wp-json\/wp\/v2\/media?parent=22011"}],"wp:term":[{"taxonomy":"category","embeddable":true,"href":"https:\/\/semanariochilecitotv.com.ar\/index.php\/wp-json\/wp\/v2\/categories?post=22011"},{"taxonomy":"post_tag","embeddable":true,"href":"https:\/\/semanariochilecitotv.com.ar\/index.php\/wp-json\/wp\/v2\/tags?post=22011"}],"curies":[{"name":"wp","href":"https:\/\/api.w.org\/{rel}","templated":true}]}}