{"id":22007,"date":"2026-03-12T18:56:27","date_gmt":"2026-03-12T18:56:27","guid":{"rendered":"https:\/\/semanariochilecitotv.com.ar\/?p=22007"},"modified":"2026-03-12T18:56:27","modified_gmt":"2026-03-12T18:56:27","slug":"implementan-una-circular-informativa-para-reforzar-la-seguridad-vial-en-general-san-martin","status":"publish","type":"post","link":"https:\/\/semanariochilecitotv.com.ar\/index.php\/2026\/03\/12\/implementan-una-circular-informativa-para-reforzar-la-seguridad-vial-en-general-san-martin\/","title":{"rendered":"Implementan una circular informativa para reforzar la seguridad vial en General San Mart\u00edn"},"content":{"rendered":"<p>La medida forma parte de una estrategia de concientizaci\u00f3n impulsada por el municipio junto a organismos provinciales. El plan busca fortalecer el respeto por las normas de tr\u00e1nsito, reducir conductas de riesgo y promover una cultura vial preventiva en toda la comunidad.<!--more--><\/p>\n<p>La directora de Tr\u00e1nsito y Transporte municipal, Stephanie Abrego, inform\u00f3 que, con la aprobaci\u00f3n del intendente C\u00e9sar Uriel Vargas y del director general de Seguridad Vial de la provincia, Pedro Javier Romero, se puso en marcha una circular informativa destinada a reforzar el respeto por las normas de tr\u00e1nsito y promover la seguridad vial en el departamento General San Mart\u00edn.<\/p>\n<p>La iniciativa surge en el marco de las acciones que se vienen desarrollando desde el 2 de enero de 2026, cuando comenzaron las mesas de trabajo orientadas a avanzar hacia una pol\u00edtica de seguridad vial integral.<\/p>\n<p>Durante esta semana se realiz\u00f3 el cuarto encuentro de la Mesa General de Seguridad Vial Integral, espacio en el que se present\u00f3 un cambio sustancial en la estrategia de trabajo. De la reuni\u00f3n participaron autoridades provinciales de distintas \u00e1reas, entre ellas representantes de los ministerios de Salud y Educaci\u00f3n, la Direcci\u00f3n de Comunicaci\u00f3n y Planificaci\u00f3n y la Subsecretar\u00eda de Seguridad Vial de la provincia, a cargo de Claudia de las Fuente. Tambi\u00e9n estuvieron presentes responsables de las \u00e1reas de Tr\u00e1nsito y Transporte de distintos municipios.<\/p>\n<p>En este contexto, el municipio de General San Mart\u00edn implement\u00f3 una circular informativa avalada por autoridades provinciales con el objetivo de recordar a la comunidad la importancia de cumplir las normas de tr\u00e1nsito y proteger la vida propia y la de terceros.<\/p>\n<p>Entre las principales medidas incluidas en la circular se destacan:<\/p>\n<p>Uso obligatorio de casco y cintur\u00f3n de seguridad para conductores y acompa\u00f1antes.<\/p>\n<p>Para ni\u00f1os de 10 a 12 a\u00f1os, obligaci\u00f3n de viajar en el asiento trasero con Sistema de Retenci\u00f3n Infantil (SRI) adecuado a su peso y estatura.<\/p>\n<p>Uso correcto de espejos retrovisores y luces en motocicletas para mejorar la visibilidad.<\/p>\n<p>Presentaci\u00f3n de documentaci\u00f3n obligatoria: DNI, licencia de conducir vigente, c\u00e9dula del veh\u00edculo, seguro y constancia de Revisi\u00f3n T\u00e9cnica Obligatoria (RTO).<\/p>\n<p>Respeto de las normas de estacionamiento, especialmente en sectores se\u00f1alizados con l\u00ednea amarilla.<\/p>\n<p>Prohibici\u00f3n de exceso de velocidad y consumo de alcohol al conducir, con especial \u00e9nfasis en j\u00f3venes de entre 14 y 16 a\u00f1os que circulan en motocicleta sin habilitaci\u00f3n.<\/p>\n<p>Uso de iluminaci\u00f3n en bicicletas y casco protector.<\/p>\n<p>Recomendaci\u00f3n de cruzar siempre por esquinas o sendas \u00a0peatonales y circular por los espacios habilitados.<\/p>\n<p>La iniciativa tambi\u00e9n contempla la participaci\u00f3n de equipos educadores y agentes de tr\u00e1nsito, quienes desarrollar\u00e1n operativos de concientizaci\u00f3n en escuelas, clubes deportivos y comunidades locales con el objetivo de fortalecer una cultura vial preventiva.<\/p>\n<p>El plan prev\u00e9 una primera etapa centrada en educaci\u00f3n y advertencias, para luego avanzar con actas de infracci\u00f3n en caso de incumplimiento de las normas.<\/p>\n<p>Enfoque a largo plazo<\/p>\n<p>Abrego subray\u00f3 que el proceso requiere tiempo y constancia, pero remarc\u00f3 que es fundamental para prevenir siniestros viales y proteger la vida de la comunidad.<\/p>\n<p>Asimismo, destac\u00f3 la importancia de trabajar de manera articulada con \u00e1reas como Juventudes, Deporte y Turismo, con el fin de ampliar el alcance de las acciones de educaci\u00f3n vial a todas las edades, desde el nivel inicial hasta el universitario.<\/p>\n<p>Contexto y visi\u00f3n<\/p>\n<p>El objetivo central de la iniciativa es que los ciudadanos asuman la responsabilidad de sus acciones en la v\u00eda p\u00fablica y se conviertan en ejemplo para las futuras generaciones, promoviendo una convivencia vial m\u00e1s segura en todo el departamento.<\/p>\n<p>El programa ya se encuentra en marcha y contempla la realizaci\u00f3n de talleres continuos de educaci\u00f3n vial, con la aspiraci\u00f3n de consolidar una cultura de movilidad responsable que contribuya a reducir lesiones y fallecimientos vinculados a siniestros de tr\u00e1nsito<\/p>\n","protected":false},"excerpt":{"rendered":"<p>La medida forma parte de una estrategia de concientizaci\u00f3n impulsada por el municipio junto a organismos provinciales. El plan busca fortalecer el respeto por las normas de tr\u00e1nsito, reducir conductas de riesgo y promover una cultura vial preventiva en toda&#8230;<\/p>\n","protected":false},"author":1,"featured_media":22008,"comment_status":"closed","ping_status":"closed","sticky":false,"template":"","format":"standard","meta":{"footnotes":""},"categories":[3],"tags":[],"class_list":["post-22007","post","type-post","status-publish","format-standard","has-post-thumbnail","hentry","category-provinciales"],"_links":{"self":[{"href":"https:\/\/semanariochilecitotv.com.ar\/index.php\/wp-json\/wp\/v2\/posts\/22007","targetHints":{"allow":["GET"]}}],"collection":[{"href":"https:\/\/semanariochilecitotv.com.ar\/index.php\/wp-json\/wp\/v2\/posts"}],"about":[{"href":"https:\/\/semanariochilecitotv.com.ar\/index.php\/wp-json\/wp\/v2\/types\/post"}],"author":[{"embeddable":true,"href":"https:\/\/semanariochilecitotv.com.ar\/index.php\/wp-json\/wp\/v2\/users\/1"}],"replies":[{"embeddable":true,"href":"https:\/\/semanariochilecitotv.com.ar\/index.php\/wp-json\/wp\/v2\/comments?post=22007"}],"version-history":[{"count":1,"href":"https:\/\/semanariochilecitotv.com.ar\/index.php\/wp-json\/wp\/v2\/posts\/22007\/revisions"}],"predecessor-version":[{"id":22009,"href":"https:\/\/semanariochilecitotv.com.ar\/index.php\/wp-json\/wp\/v2\/posts\/22007\/revisions\/22009"}],"wp:featuredmedia":[{"embeddable":true,"href":"https:\/\/semanariochilecitotv.com.ar\/index.php\/wp-json\/wp\/v2\/media\/22008"}],"wp:attachment":[{"href":"https:\/\/semanariochilecitotv.com.ar\/index.php\/wp-json\/wp\/v2\/media?parent=22007"}],"wp:term":[{"taxonomy":"category","embeddable":true,"href":"https:\/\/semanariochilecitotv.com.ar\/index.php\/wp-json\/wp\/v2\/categories?post=22007"},{"taxonomy":"post_tag","embeddable":true,"href":"https:\/\/semanariochilecitotv.com.ar\/index.php\/wp-json\/wp\/v2\/tags?post=22007"}],"curies":[{"name":"wp","href":"https:\/\/api.w.org\/{rel}","templated":true}]}}