{"id":22004,"date":"2026-03-12T18:52:02","date_gmt":"2026-03-12T18:52:02","guid":{"rendered":"https:\/\/semanariochilecitotv.com.ar\/?p=22004"},"modified":"2026-03-12T18:52:02","modified_gmt":"2026-03-12T18:52:02","slug":"la-provincia-puso-en-marcha-la-campana-de-vacunacion-antigripal-con-operativos-en-centros-de-salud-y-espacios-publicos","status":"publish","type":"post","link":"https:\/\/semanariochilecitotv.com.ar\/index.php\/2026\/03\/12\/la-provincia-puso-en-marcha-la-campana-de-vacunacion-antigripal-con-operativos-en-centros-de-salud-y-espacios-publicos\/","title":{"rendered":"La Provincia puso en marcha la campa\u00f1a de vacunaci\u00f3n antigripal con operativos en centros de salud y espacios p\u00fablicos"},"content":{"rendered":"<p>El gobernador Ricardo Quintela encabez\u00f3 el inicio de la campa\u00f1a de vacunaci\u00f3n antigripal 2026 durante una visita al CAPS San Jos\u00e9. La provincia recibi\u00f3 16 mil dosis que ser\u00e1n aplicadas de manera gratuita en centros de salud y en puestos especiales instalados en espacios p\u00fablicos, con prioridad para los grupos de riesgo.<!--more--><\/p>\n<p>El gobernador Ricardo Quintela encabez\u00f3 este jueves el inicio de la Campa\u00f1a de Vacunaci\u00f3n Antigripal 2026 durante una visita al CAPS San Jos\u00e9, ubicado en el barrio 4 de Junio de la ciudad capital. La estrategia sanitaria comenz\u00f3 de manera simult\u00e1nea en toda la Provincia y forma parte del plan nacional destinado a reducir complicaciones, internaciones y mortalidad asociadas al virus de la influenza.<\/p>\n<p>En este marco, La Rioja recibi\u00f3 16 mil dosis de vacunas, que se aplicar\u00e1n de forma gratuita en centros de salud y vacunatorios con prioridad para los grupos de riesgo. Durante la actividad, el mandatario provincial invit\u00f3 a la comunidad a acercarse a los establecimientos sanitarios para recibir la vacuna y destac\u00f3 la importancia de la prevenci\u00f3n.<\/p>\n<p>\u201cPara nosotros es muy importante dar inicio a esta campa\u00f1a. Invitamos a toda la gente a acercarse a los centros de atenci\u00f3n m\u00e1s cercanos\u201d, expres\u00f3.<\/p>\n<p>Asimismo, se\u00f1al\u00f3 que la provincia cuenta con 16 mil dosis disponibles y asegur\u00f3 que, de ser necesario, se gestionar\u00e1 la llegada de nuevas partidas para garantizar la cobertura de la poblaci\u00f3n.<\/p>\n<p>En otro tramo de su intervenci\u00f3n, Quintela se refiri\u00f3 al contexto financiero que atraviesa la provincia y se\u00f1al\u00f3 que La Rioja enfrenta una situaci\u00f3n econ\u00f3mica compleja, similar a la de otras jurisdicciones del pa\u00eds. El gobernador advirti\u00f3 que la falta de recursos impacta en \u00e1reas clave como salud, educaci\u00f3n, seguridad y salarios estatales, y consider\u00f3 necesario que la Naci\u00f3n revise su pol\u00edtica de distribuci\u00f3n de fondos para garantizar el funcionamiento de los servicios esenciales.<\/p>\n<p>No obstante, remarc\u00f3 que la provincia continuar\u00e1 priorizando la salud p\u00fablica y el acceso a la vacunaci\u00f3n como herramientas fundamentales de prevenci\u00f3n.<\/p>\n<p>Detalles de la campa\u00f1a<\/p>\n<p>La campa\u00f1a est\u00e1 destinada principalmente a grupos de riesgo, entre los que se encuentran:<\/p>\n<p>Ni\u00f1os y ni\u00f1as de 6 a 24 meses<\/p>\n<p>Personas mayores de 65 a\u00f1os<\/p>\n<p>Embarazadas<\/p>\n<p>Personas de 2 a 64 a\u00f1os con factores de riesgo (con certificado m\u00e9dico)<\/p>\n<p>Personal de salud<\/p>\n<p>Entre los factores de riesgo se incluyen enfermedades respiratorias o card\u00edacas, diabetes, obesidad, patolog\u00edas renales, inmunodeficiencias y otras condiciones cl\u00ednicas.<\/p>\n<p>Fortalecer los Centros de Atenci\u00f3n Primaria<\/p>\n<p>En este contexto, el ministro de Salud, Juan Carlos Vergara, destac\u00f3 el rol de la Atenci\u00f3n Primaria de la Salud dentro del Plan Provincial de Salud y subray\u00f3 la importancia de fortalecer los Centros de Atenci\u00f3n Primaria (CAPS) como espacios cercanos a la comunidad.<\/p>\n<p>En ese sentido, se\u00f1al\u00f3 que la incorporaci\u00f3n de herramientas de salud digital permitir\u00e1 mejorar el seguimiento de pacientes y contar con informaci\u00f3n m\u00e1s precisa sobre la situaci\u00f3n sanitaria de cada sector.<\/p>\n<p>Por su parte, la directora de Inmunizaci\u00f3n, Silvia de Donattis, explic\u00f3 que la gripe es una enfermedad viral que suele ser autolimitada en personas sanas de entre 2 y 64 a\u00f1os, pero puede generar complicaciones en poblaciones vulnerables.<\/p>\n<p>La funcionaria indic\u00f3 que los ni\u00f1os de 6 meses a 2 a\u00f1os pueden requerir hasta tres dosis para completar su esquema de protecci\u00f3n, mientras que las personas mayores de 65 a\u00f1os deben recibir una dosis anual.<\/p>\n<p>Tambi\u00e9n destac\u00f3 la importancia de la vacunaci\u00f3n durante el embarazo, ya que los anticuerpos generados por la madre ayudan a proteger al beb\u00e9 al momento del nacimiento.<\/p>\n<p>Adem\u00e1s de los centros de salud, la campa\u00f1a contar\u00e1 con puestos de vacunaci\u00f3n en espacios p\u00fablicos para facilitar el acceso a quienes no puedan asistir durante la semana.<\/p>\n<p>Los operativos se realizar\u00e1n los fines de semana en:<\/p>\n<p>Parque de la Ciudad, de 15 a 20 horas<\/p>\n<p>Parque de las Juventudes, de 18 a 22 horas.<\/p>\n","protected":false},"excerpt":{"rendered":"<p>El gobernador Ricardo Quintela encabez\u00f3 el inicio de la campa\u00f1a de vacunaci\u00f3n antigripal 2026 durante una visita al CAPS San Jos\u00e9. La provincia recibi\u00f3 16 mil dosis que ser\u00e1n aplicadas de manera gratuita en centros de salud y en puestos&#8230;<\/p>\n","protected":false},"author":1,"featured_media":22005,"comment_status":"closed","ping_status":"closed","sticky":false,"template":"","format":"standard","meta":{"footnotes":""},"categories":[14],"tags":[],"class_list":["post-22004","post","type-post","status-publish","format-standard","has-post-thumbnail","hentry","category-salud"],"_links":{"self":[{"href":"https:\/\/semanariochilecitotv.com.ar\/index.php\/wp-json\/wp\/v2\/posts\/22004","targetHints":{"allow":["GET"]}}],"collection":[{"href":"https:\/\/semanariochilecitotv.com.ar\/index.php\/wp-json\/wp\/v2\/posts"}],"about":[{"href":"https:\/\/semanariochilecitotv.com.ar\/index.php\/wp-json\/wp\/v2\/types\/post"}],"author":[{"embeddable":true,"href":"https:\/\/semanariochilecitotv.com.ar\/index.php\/wp-json\/wp\/v2\/users\/1"}],"replies":[{"embeddable":true,"href":"https:\/\/semanariochilecitotv.com.ar\/index.php\/wp-json\/wp\/v2\/comments?post=22004"}],"version-history":[{"count":1,"href":"https:\/\/semanariochilecitotv.com.ar\/index.php\/wp-json\/wp\/v2\/posts\/22004\/revisions"}],"predecessor-version":[{"id":22006,"href":"https:\/\/semanariochilecitotv.com.ar\/index.php\/wp-json\/wp\/v2\/posts\/22004\/revisions\/22006"}],"wp:featuredmedia":[{"embeddable":true,"href":"https:\/\/semanariochilecitotv.com.ar\/index.php\/wp-json\/wp\/v2\/media\/22005"}],"wp:attachment":[{"href":"https:\/\/semanariochilecitotv.com.ar\/index.php\/wp-json\/wp\/v2\/media?parent=22004"}],"wp:term":[{"taxonomy":"category","embeddable":true,"href":"https:\/\/semanariochilecitotv.com.ar\/index.php\/wp-json\/wp\/v2\/categories?post=22004"},{"taxonomy":"post_tag","embeddable":true,"href":"https:\/\/semanariochilecitotv.com.ar\/index.php\/wp-json\/wp\/v2\/tags?post=22004"}],"curies":[{"name":"wp","href":"https:\/\/api.w.org\/{rel}","templated":true}]}}