{"id":22000,"date":"2026-03-12T12:18:38","date_gmt":"2026-03-12T12:18:38","guid":{"rendered":"https:\/\/semanariochilecitotv.com.ar\/?p=22000"},"modified":"2026-03-12T12:18:38","modified_gmt":"2026-03-12T12:18:38","slug":"vuelven-los-corsos-riojanos-con-comparsas-y-murgas-de-toda-la-provincia","status":"publish","type":"post","link":"https:\/\/semanariochilecitotv.com.ar\/index.php\/2026\/03\/12\/vuelven-los-corsos-riojanos-con-comparsas-y-murgas-de-toda-la-provincia\/","title":{"rendered":"Vuelven los Corsos Riojanos con comparsas y murgas de toda la Provincia"},"content":{"rendered":"<p>La tradicional fiesta popular se realizar\u00e1 el 21 de marzo desde las 20 horas en el Parque Lineal Yacampis, con la participaci\u00f3n de m\u00e1s de diez agrupaciones y una propuesta pensada para que las familias disfruten de m\u00fasica, danza y actividades culturales con entrada libre y gratuita.<!--more--><\/p>\n<p>El Gobierno de La Rioja, junto al Municipio de Capital y en articulaci\u00f3n con la Asociaci\u00f3n de Comparsas Riojanas, impulsa una nueva edici\u00f3n de los Corsos Riojanos, una celebraci\u00f3n que busca fortalecer la cultura local y promover el turismo interno, convocando a vecinos de distintos barrios y tambi\u00e9n del interior provincial.<\/p>\n<p>El evento se desarrollar\u00e1 en el Parque Lineal Yacampis, que se convertir\u00e1 en la pasarela por la que desfilar\u00e1n comparsas y murgas con sus tradicionales coreograf\u00edas, trajes coloridos y batucadas.<\/p>\n<p>Desde la organizaci\u00f3n destacaron que los corsos se consolidan como una iniciativa cultural de gran impacto social, ya que promueven la participaci\u00f3n comunitaria y el fortalecimiento de la identidad local a trav\u00e9s del trabajo que realizan las agrupaciones en distintos barrios de la ciudad.<\/p>\n<p>Acompa\u00f1amiento a las agrupaciones<\/p>\n<p>En este marco, el Gobierno provincial, a trav\u00e9s del Ministerio de Desarrollo, Igualdad e Integraci\u00f3n Social, acompa\u00f1a a las comparsas con la entrega de rifas y premios destinados a su comercializaci\u00f3n, una herramienta que les permite recaudar fondos para afrontar los gastos vinculados a la confecci\u00f3n de trajes, la preparaci\u00f3n de instrumentos y la organizaci\u00f3n de sus presentaciones.<\/p>\n<p>La organizaci\u00f3n del evento cuenta adem\u00e1s con el trabajo articulado de diversas \u00e1reas del Gobierno provincial, entre ellas el Ministerio de Desarrollo, Igualdad e Integraci\u00f3n Social; la Secretar\u00eda de Turismo; la Secretar\u00eda de Culturas; la Secretar\u00eda de Transporte y Movilidad; la Secretar\u00eda de Comunicaci\u00f3n y Planificaci\u00f3n P\u00fablica; la Secretar\u00eda de Juventudes y el Municipio de Capital.<\/p>\n<p>Agrupaciones participantes<\/p>\n<p>En esta edici\u00f3n participar\u00e1n m\u00e1s de diez agrupaciones provenientes de Capital y del interior de la provincia. Entre ellas estar\u00e1n:<\/p>\n<p>O&#8217;Beleza<\/p>\n<p>Peque\u00f1o Brillo y Elegancia<\/p>\n<p>Sue\u00f1os<\/p>\n<p>La Barra<\/p>\n<p>Murga Los Bohemios del Parque<\/p>\n<p>Murga La Murga del Tripero<\/p>\n<p>Murga La Banda de Tesho<\/p>\n<p>Samba Pujllay<\/p>\n<p>Los Legales<\/p>\n<p>Los Elegantes del 4<\/p>\n<p>Durante la noche tambi\u00e9n se realizar\u00e1n sorteos y la entrega de premios y distinciones para las agrupaciones, en reconocimiento al esfuerzo, la creatividad y el trabajo que desarrollan durante todo el a\u00f1o.<\/p>\n<p>La jornada ser\u00e1 con entrada libre y gratuita y contar\u00e1 adem\u00e1s con un sector gastron\u00f3mico y un mercado popular, ofreciendo una propuesta cultural y recreativa pensada para disfrutar en familia.<\/p>\n","protected":false},"excerpt":{"rendered":"<p>La tradicional fiesta popular se realizar\u00e1 el 21 de marzo desde las 20 horas en el Parque Lineal Yacampis, con la participaci\u00f3n de m\u00e1s de diez agrupaciones y una propuesta pensada para que las familias disfruten de m\u00fasica, danza y&#8230;<\/p>\n","protected":false},"author":1,"featured_media":22001,"comment_status":"closed","ping_status":"closed","sticky":false,"template":"","format":"standard","meta":{"footnotes":""},"categories":[15],"tags":[],"class_list":["post-22000","post","type-post","status-publish","format-standard","has-post-thumbnail","hentry","category-cultura"],"_links":{"self":[{"href":"https:\/\/semanariochilecitotv.com.ar\/index.php\/wp-json\/wp\/v2\/posts\/22000","targetHints":{"allow":["GET"]}}],"collection":[{"href":"https:\/\/semanariochilecitotv.com.ar\/index.php\/wp-json\/wp\/v2\/posts"}],"about":[{"href":"https:\/\/semanariochilecitotv.com.ar\/index.php\/wp-json\/wp\/v2\/types\/post"}],"author":[{"embeddable":true,"href":"https:\/\/semanariochilecitotv.com.ar\/index.php\/wp-json\/wp\/v2\/users\/1"}],"replies":[{"embeddable":true,"href":"https:\/\/semanariochilecitotv.com.ar\/index.php\/wp-json\/wp\/v2\/comments?post=22000"}],"version-history":[{"count":1,"href":"https:\/\/semanariochilecitotv.com.ar\/index.php\/wp-json\/wp\/v2\/posts\/22000\/revisions"}],"predecessor-version":[{"id":22002,"href":"https:\/\/semanariochilecitotv.com.ar\/index.php\/wp-json\/wp\/v2\/posts\/22000\/revisions\/22002"}],"wp:featuredmedia":[{"embeddable":true,"href":"https:\/\/semanariochilecitotv.com.ar\/index.php\/wp-json\/wp\/v2\/media\/22001"}],"wp:attachment":[{"href":"https:\/\/semanariochilecitotv.com.ar\/index.php\/wp-json\/wp\/v2\/media?parent=22000"}],"wp:term":[{"taxonomy":"category","embeddable":true,"href":"https:\/\/semanariochilecitotv.com.ar\/index.php\/wp-json\/wp\/v2\/categories?post=22000"},{"taxonomy":"post_tag","embeddable":true,"href":"https:\/\/semanariochilecitotv.com.ar\/index.php\/wp-json\/wp\/v2\/tags?post=22000"}],"curies":[{"name":"wp","href":"https:\/\/api.w.org\/{rel}","templated":true}]}}