{"id":21994,"date":"2026-03-12T12:03:07","date_gmt":"2026-03-12T12:03:07","guid":{"rendered":"https:\/\/semanariochilecitotv.com.ar\/?p=21994"},"modified":"2026-03-12T12:03:07","modified_gmt":"2026-03-12T12:03:07","slug":"autoridades-provinciales-y-auditores-del-banco-mundial-recorrieron-obras-de-eficiencia-hidrica-y-desarrollo-productivo-en-vichigasta","status":"publish","type":"post","link":"https:\/\/semanariochilecitotv.com.ar\/index.php\/2026\/03\/12\/autoridades-provinciales-y-auditores-del-banco-mundial-recorrieron-obras-de-eficiencia-hidrica-y-desarrollo-productivo-en-vichigasta\/","title":{"rendered":"Autoridades provinciales y auditores del Banco Mundial recorrieron obras de eficiencia h\u00eddrica y desarrollo productivo en Vichigasta"},"content":{"rendered":"<p>El ministro de Producci\u00f3n y Ambiente, Ernesto P\u00e9rez, encabez\u00f3 una recorrida junto a auditores del Banco Mundial para verificar en territorio el avance de proyectos vinculados al uso eficiente del agua, el fortalecimiento de peque\u00f1os productores y la conservaci\u00f3n ambiental en el departamento Chilecito.<!--more--><\/p>\n<p>El ministro de Producci\u00f3n y Ambiente de la Provincia, Ernesto P\u00e9rez, encabez\u00f3 una recorrida de trabajo en Vichigasta, departamento Chilecito, junto a auditores del Banco Mundial, quienes visitaron La Rioja con el objetivo de constatar la ejecuci\u00f3n y el impacto de distintos proyectos vinculados al uso eficiente del agua, el fortalecimiento productivo y la conservaci\u00f3n ambiental en la regi\u00f3n.<\/p>\n<p>Durante la jornada se inspeccionaron obras destinadas a mejorar la eficiencia h\u00eddrica para peque\u00f1os productores, entre ellas la construcci\u00f3n de un estanque de almacenamiento y la reparaci\u00f3n y optimizaci\u00f3n de los canales de riego en la zona de Chima. Estas intervenciones permiten fortalecer la disponibilidad y la gesti\u00f3n del recurso h\u00eddrico para las actividades productivas locales.<\/p>\n<p>Las iniciativas forman parte del Proyecto Paisajes, financiado por el Banco Mundial a trav\u00e9s de la Administraci\u00f3n de Parques Nacionales, que posibilit\u00f3 la implementaci\u00f3n de distintas acciones orientadas al desarrollo sostenible y al aprovechamiento responsable de los recursos naturales.<\/p>\n<p>En este marco, los auditores tambi\u00e9n verificaron el funcionamiento de una sala de aprovechamiento de frutos del bosque, espacio donde se elaboran productos regionales como caf\u00e9 de algarroba, licor de algarroba, alfajores y diversas confituras, promoviendo el agregado de valor a la producci\u00f3n local.<\/p>\n<p>Asimismo, se constat\u00f3 el equipamiento del laboratorio y de espacios de trabajo en la Escuela Jos\u00e9 Manuel Estrada de Vichigasta, como parte de las acciones impulsadas para fortalecer la formaci\u00f3n y el desarrollo de capacidades en la comunidad.<\/p>\n<p>Por otra parte, con financiamiento proveniente de estos programas y del \u00e1rea de Bosques, se avanz\u00f3 en la construcci\u00f3n de un Centro de Interpretaci\u00f3n de las Reservas y de un Centro de Rescate y Rehabilitaci\u00f3n de Fauna Silvestre, espacios destinados a la conservaci\u00f3n de la biodiversidad y a la promoci\u00f3n de la educaci\u00f3n ambiental.<\/p>\n<p>Desarrollo territorial y gesti\u00f3n sostenible de los recursos<\/p>\n<p>En ese sentido, el ministro Ernesto P\u00e9rez destac\u00f3 la importancia de estos proyectos para el desarrollo territorial y la gesti\u00f3n sostenible de los recursos.<\/p>\n<p>\u201cLa visita de los auditores del Banco Mundial permiti\u00f3 verificar en territorio el cumplimiento de cada una de las obras y acciones previstas. Estos proyectos representan una inversi\u00f3n estrat\u00e9gica que fortalece a los peque\u00f1os productores, mejora la eficiencia en el uso del agua y promueve el desarrollo sostenible de nuestras comunidades\u201d, se\u00f1al\u00f3.<\/p>\n<p>Del recorrido tambi\u00e9n participaron el secretario de Ambiente de la provincia, Santiago Azulay, el secretario de Acuicultura, Jorge Ortiz, y equipos t\u00e9cnicos del Ministerio de Producci\u00f3n y Ambiente.<\/p>\n<p>Las actividades continuar\u00e1n con la visita al Centro de Interpretaci\u00f3n de las Reservas y a la sala de manufactura de productos derivados del bosque, donde se desarrollan iniciativas que promueven el agregado de valor a los recursos naturales y el fortalecimiento de las econom\u00edas regionales.<\/p>\n","protected":false},"excerpt":{"rendered":"<p>El ministro de Producci\u00f3n y Ambiente, Ernesto P\u00e9rez, encabez\u00f3 una recorrida junto a auditores del Banco Mundial para verificar en territorio el avance de proyectos vinculados al uso eficiente del agua, el fortalecimiento de peque\u00f1os productores y la conservaci\u00f3n ambiental&#8230;<\/p>\n","protected":false},"author":1,"featured_media":21995,"comment_status":"closed","ping_status":"closed","sticky":false,"template":"","format":"standard","meta":{"footnotes":""},"categories":[16],"tags":[],"class_list":["post-21994","post","type-post","status-publish","format-standard","has-post-thumbnail","hentry","category-produccion"],"_links":{"self":[{"href":"https:\/\/semanariochilecitotv.com.ar\/index.php\/wp-json\/wp\/v2\/posts\/21994","targetHints":{"allow":["GET"]}}],"collection":[{"href":"https:\/\/semanariochilecitotv.com.ar\/index.php\/wp-json\/wp\/v2\/posts"}],"about":[{"href":"https:\/\/semanariochilecitotv.com.ar\/index.php\/wp-json\/wp\/v2\/types\/post"}],"author":[{"embeddable":true,"href":"https:\/\/semanariochilecitotv.com.ar\/index.php\/wp-json\/wp\/v2\/users\/1"}],"replies":[{"embeddable":true,"href":"https:\/\/semanariochilecitotv.com.ar\/index.php\/wp-json\/wp\/v2\/comments?post=21994"}],"version-history":[{"count":1,"href":"https:\/\/semanariochilecitotv.com.ar\/index.php\/wp-json\/wp\/v2\/posts\/21994\/revisions"}],"predecessor-version":[{"id":21996,"href":"https:\/\/semanariochilecitotv.com.ar\/index.php\/wp-json\/wp\/v2\/posts\/21994\/revisions\/21996"}],"wp:featuredmedia":[{"embeddable":true,"href":"https:\/\/semanariochilecitotv.com.ar\/index.php\/wp-json\/wp\/v2\/media\/21995"}],"wp:attachment":[{"href":"https:\/\/semanariochilecitotv.com.ar\/index.php\/wp-json\/wp\/v2\/media?parent=21994"}],"wp:term":[{"taxonomy":"category","embeddable":true,"href":"https:\/\/semanariochilecitotv.com.ar\/index.php\/wp-json\/wp\/v2\/categories?post=21994"},{"taxonomy":"post_tag","embeddable":true,"href":"https:\/\/semanariochilecitotv.com.ar\/index.php\/wp-json\/wp\/v2\/tags?post=21994"}],"curies":[{"name":"wp","href":"https:\/\/api.w.org\/{rel}","templated":true}]}}