{"id":21991,"date":"2026-03-12T01:45:29","date_gmt":"2026-03-12T01:45:29","guid":{"rendered":"https:\/\/semanariochilecitotv.com.ar\/?p=21991"},"modified":"2026-03-12T01:45:29","modified_gmt":"2026-03-12T01:45:29","slug":"emiten-alerta-amarilla-por-lluvias-y-niebla","status":"publish","type":"post","link":"https:\/\/semanariochilecitotv.com.ar\/index.php\/2026\/03\/12\/emiten-alerta-amarilla-por-lluvias-y-niebla\/","title":{"rendered":"Emiten alerta amarilla por lluvias y niebla"},"content":{"rendered":"<p>Advertencia por niebla con vigencia para la noche de hoy y madrugada de ma\u00f1ana jueves<\/p>\n<p>Alerta preventiva por lluvias aisladas para la noche de hoy, madrugada y ma\u00f1ana, del 12\/03.<!--more--><\/p>\n<p>No se descarta el desarrollo de eventos aislados.<\/p>\n<p>El Sistema Provincial de Emergencias La Rioja emiti\u00f3 un alerta preventivo por lluvias y niebla para distintos sectores de la provincia.<\/p>\n<p>Este alerta amarilla por lluvias rige para los departamentos Vinchina, General Lamadrid, General Felipe Varela, Famatina, Chilecito, San Blas de los Sauces, Arauco, Castro Barros, Sanagasta, y Capital.<\/p>\n<p>A su vez, el reporte preciso que el alerta por niebla alcanza a los departamentos Vinchina, General Lamadrid, General Felipe Varela, Famatina, Chilecito, San Blas de los Sauces, Arauco, Castro Barros, Sanagasta, Capital, Independencia, General \u00c1ngel Vicente Pe\u00f1aloza y General Juan Facundo Quiroga.<\/p>\n<p>La niebla podr\u00eda producirse en forma sectorizada por lo que se podr\u00eda reducir la visibilidad al transitar por la v\u00eda p\u00fablica.<\/p>\n<p>El alerta por lluvias rige para la noche de este mi\u00e9rcoles, madrugada y ma\u00f1ana del jueves mientras que en el caso de la niebla el alerta est\u00e1 vigente para la jornada de este mi\u00e9rcoles por la tarde y noche.<\/p>\n","protected":false},"excerpt":{"rendered":"<p>Advertencia por niebla con vigencia para la noche de hoy y madrugada de ma\u00f1ana jueves Alerta preventiva por lluvias aisladas para la noche de hoy, madrugada y ma\u00f1ana, del 12\/03.<\/p>\n","protected":false},"author":1,"featured_media":21992,"comment_status":"closed","ping_status":"closed","sticky":false,"template":"","format":"standard","meta":{"footnotes":""},"categories":[3],"tags":[],"class_list":["post-21991","post","type-post","status-publish","format-standard","has-post-thumbnail","hentry","category-provinciales"],"_links":{"self":[{"href":"https:\/\/semanariochilecitotv.com.ar\/index.php\/wp-json\/wp\/v2\/posts\/21991","targetHints":{"allow":["GET"]}}],"collection":[{"href":"https:\/\/semanariochilecitotv.com.ar\/index.php\/wp-json\/wp\/v2\/posts"}],"about":[{"href":"https:\/\/semanariochilecitotv.com.ar\/index.php\/wp-json\/wp\/v2\/types\/post"}],"author":[{"embeddable":true,"href":"https:\/\/semanariochilecitotv.com.ar\/index.php\/wp-json\/wp\/v2\/users\/1"}],"replies":[{"embeddable":true,"href":"https:\/\/semanariochilecitotv.com.ar\/index.php\/wp-json\/wp\/v2\/comments?post=21991"}],"version-history":[{"count":1,"href":"https:\/\/semanariochilecitotv.com.ar\/index.php\/wp-json\/wp\/v2\/posts\/21991\/revisions"}],"predecessor-version":[{"id":21993,"href":"https:\/\/semanariochilecitotv.com.ar\/index.php\/wp-json\/wp\/v2\/posts\/21991\/revisions\/21993"}],"wp:featuredmedia":[{"embeddable":true,"href":"https:\/\/semanariochilecitotv.com.ar\/index.php\/wp-json\/wp\/v2\/media\/21992"}],"wp:attachment":[{"href":"https:\/\/semanariochilecitotv.com.ar\/index.php\/wp-json\/wp\/v2\/media?parent=21991"}],"wp:term":[{"taxonomy":"category","embeddable":true,"href":"https:\/\/semanariochilecitotv.com.ar\/index.php\/wp-json\/wp\/v2\/categories?post=21991"},{"taxonomy":"post_tag","embeddable":true,"href":"https:\/\/semanariochilecitotv.com.ar\/index.php\/wp-json\/wp\/v2\/tags?post=21991"}],"curies":[{"name":"wp","href":"https:\/\/api.w.org\/{rel}","templated":true}]}}