{"id":21989,"date":"2026-03-12T00:43:44","date_gmt":"2026-03-12T00:43:44","guid":{"rendered":"https:\/\/semanariochilecitotv.com.ar\/?p=21989"},"modified":"2026-03-12T00:43:44","modified_gmt":"2026-03-12T00:43:44","slug":"convocatoria-a-productores-y-bodegas-para-el-credito-vendimia-2026","status":"publish","type":"post","link":"https:\/\/semanariochilecitotv.com.ar\/index.php\/2026\/03\/12\/convocatoria-a-productores-y-bodegas-para-el-credito-vendimia-2026\/","title":{"rendered":"Convocatoria a productores y bodegas para el Cr\u00e9dito Vendimia 2026"},"content":{"rendered":"<p>La C\u00e1mara Riojana de Productores Agropecuarios informa a productores vitivin\u00edcolas y bodegas de la provincia, que se ha puesto en marcha nuevamente el <strong>Fondo Rotatorio para Cosecha <\/strong>y que se encuentra abierta la convocatoria para acceder al <strong>Cr\u00e9dito Vendimia 2026<\/strong>, una herramienta financiera destinada a acompa\u00f1ar el desarrollo de la cosecha.<!--more--><\/p>\n<p>El programa puesto a disposici\u00f3n por el <strong>Gobierno de la Provincia de La Rioja<\/strong>, contempla un financiamiento de <strong>$20 por kilogramo de uva<\/strong>, con una tasa de inter\u00e9s del <strong>7%<\/strong>, y un esquema de devoluci\u00f3n en <strong>tres cuotas durante los meses de septiembre, octubre y noviembre de 2026<\/strong>. La devoluci\u00f3n del cr\u00e9dito deber\u00e1 realizarse \u00fanicamente mediante <strong>cheques f\u00edsicos propios<\/strong>.<\/p>\n<p>En cuanto a la modalidad de acceso:<\/p>\n<p>\uf0b7 Los productores de uva con destino a vinificar deber\u00e1n canalizar el cr\u00e9dito a trav\u00e9s de la bodega a la cual entregan su producci\u00f3n. En estos casos, la bodega ser\u00e1 la responsable de solicitar el cr\u00e9dito, asumir su devoluci\u00f3n y posteriormente distribuir entre los productores el monto correspondiente, en funci\u00f3n de los kilogramos de uva entregados por cada uno de acuerdo a los CIU.<\/p>\n<p>\uf0b7 Los productores de uva con destino a pasa deber\u00e1n presentarse directamente ante CARPA para realizar la solicitud correspondiente.<\/p>\n<p>En este sentido, se convoca a <strong>productores y bodegas interesados <\/strong>a presentar la documentaci\u00f3n correspondiente para acceder al beneficio.<\/p>\n<p><strong>Documentaci\u00f3n requerida <\/strong><\/p>\n<p><strong>Personas f\u00edsicas <\/strong><\/p>\n<p>\uf0b7 Nota de solicitud de cr\u00e9dito<\/p>\n<p>\uf0b7 Fotocopia de DNI<\/p>\n<p>\uf0b7 Constancia de inscripci\u00f3n en AFIP<\/p>\n<p>\uf0b7 Fotocopia de la DDJJ de cada vi\u00f1edo emitida por el INV<\/p>\n<p>\uf0b7 Constancia de CBU<\/p>\n<p>\uf0b7 En caso de representaci\u00f3n, copia del poder correspondiente<\/p>\n<p><strong>Personas jur\u00eddicas <\/strong><\/p>\n<p>\uf0b7 Nota de solicitud de cr\u00e9dito<\/p>\n<p>\uf0b7 Copia del contrato social o estatuto y sus modificaciones<\/p>\n<p>\uf0b7 Actas de designaci\u00f3n de autoridades<\/p>\n<p>\uf0b7 Fotocopia de DNI de los administradores<\/p>\n<p>\uf0b7 Constancia de inscripci\u00f3n en AFIP<\/p>\n<p>\uf0b7 Fotocopia de la DDJJ de cada vi\u00f1edo emitida por el INV<\/p>\n<p>\uf0b7 Constancia de CBU<\/p>\n<p>En el caso de las bodegas, deber\u00e1n presentar el listado de CIU correspondientes a los kilogramos ingresados durante la Vendimia 2026.<\/p>\n<p>La instituci\u00f3n invita a los interesados a acercarse para recibir asesoramiento o remitirse v\u00eda mail a camarariojanadeproductores@gmail.com para solicitar informaci\u00f3n y completar la presentaci\u00f3n de la documentaci\u00f3n requerida.<\/p>\n","protected":false},"excerpt":{"rendered":"<p>La C\u00e1mara Riojana de Productores Agropecuarios informa a productores vitivin\u00edcolas y bodegas de la provincia, que se ha puesto en marcha nuevamente el Fondo Rotatorio para Cosecha y que se encuentra abierta la convocatoria para acceder al Cr\u00e9dito Vendimia 2026,&#8230;<\/p>\n","protected":false},"author":1,"featured_media":20812,"comment_status":"closed","ping_status":"closed","sticky":false,"template":"","format":"standard","meta":{"footnotes":""},"categories":[16],"tags":[],"class_list":["post-21989","post","type-post","status-publish","format-standard","has-post-thumbnail","hentry","category-produccion"],"_links":{"self":[{"href":"https:\/\/semanariochilecitotv.com.ar\/index.php\/wp-json\/wp\/v2\/posts\/21989","targetHints":{"allow":["GET"]}}],"collection":[{"href":"https:\/\/semanariochilecitotv.com.ar\/index.php\/wp-json\/wp\/v2\/posts"}],"about":[{"href":"https:\/\/semanariochilecitotv.com.ar\/index.php\/wp-json\/wp\/v2\/types\/post"}],"author":[{"embeddable":true,"href":"https:\/\/semanariochilecitotv.com.ar\/index.php\/wp-json\/wp\/v2\/users\/1"}],"replies":[{"embeddable":true,"href":"https:\/\/semanariochilecitotv.com.ar\/index.php\/wp-json\/wp\/v2\/comments?post=21989"}],"version-history":[{"count":1,"href":"https:\/\/semanariochilecitotv.com.ar\/index.php\/wp-json\/wp\/v2\/posts\/21989\/revisions"}],"predecessor-version":[{"id":21990,"href":"https:\/\/semanariochilecitotv.com.ar\/index.php\/wp-json\/wp\/v2\/posts\/21989\/revisions\/21990"}],"wp:featuredmedia":[{"embeddable":true,"href":"https:\/\/semanariochilecitotv.com.ar\/index.php\/wp-json\/wp\/v2\/media\/20812"}],"wp:attachment":[{"href":"https:\/\/semanariochilecitotv.com.ar\/index.php\/wp-json\/wp\/v2\/media?parent=21989"}],"wp:term":[{"taxonomy":"category","embeddable":true,"href":"https:\/\/semanariochilecitotv.com.ar\/index.php\/wp-json\/wp\/v2\/categories?post=21989"},{"taxonomy":"post_tag","embeddable":true,"href":"https:\/\/semanariochilecitotv.com.ar\/index.php\/wp-json\/wp\/v2\/tags?post=21989"}],"curies":[{"name":"wp","href":"https:\/\/api.w.org\/{rel}","templated":true}]}}