{"id":21980,"date":"2026-03-12T00:20:24","date_gmt":"2026-03-12T00:20:24","guid":{"rendered":"https:\/\/semanariochilecitotv.com.ar\/?p=21980"},"modified":"2026-03-12T00:20:24","modified_gmt":"2026-03-12T00:20:24","slug":"futbol-formativo-con-fabio-radaelli","status":"publish","type":"post","link":"https:\/\/semanariochilecitotv.com.ar\/index.php\/2026\/03\/12\/futbol-formativo-con-fabio-radaelli\/","title":{"rendered":"F\u00daTBOL FORMATIVO CON FABIO RADAELLI"},"content":{"rendered":"<p>La Secretar\u00eda de Deportes invita a participar de una imperdible Charla virtual por Zoom sobre F\u00fatbol Formativo, organizada por la Escuela N\u00b0 276 Chilecito &#8211; La Rioja, ATFA (Asociaci\u00f3n de T\u00e9cnicos de F\u00fatbol Argentino), que se realizar\u00e1 este jueves 12 de Marzo a las 21 hs.<!--more--><\/p>\n<p>Esta charla estar\u00e1 a cargo del Coordinador de Juveniles del Club Atl\u00e9tico Lan\u00fas, qui\u00e9n compartir\u00e1 sus secretos para formar grandes talentos, t\u00e9cnicas de entretenimiento y claves para el \u00e9xito en las inferiores.<\/p>\n","protected":false},"excerpt":{"rendered":"<p>La Secretar\u00eda de Deportes invita a participar de una imperdible Charla virtual por Zoom sobre F\u00fatbol Formativo, organizada por la Escuela N\u00b0 276 Chilecito &#8211; La Rioja, ATFA (Asociaci\u00f3n de T\u00e9cnicos de F\u00fatbol Argentino), que se realizar\u00e1 este jueves 12&#8230;<\/p>\n","protected":false},"author":1,"featured_media":21981,"comment_status":"closed","ping_status":"closed","sticky":false,"template":"","format":"standard","meta":{"footnotes":""},"categories":[6],"tags":[],"class_list":["post-21980","post","type-post","status-publish","format-standard","has-post-thumbnail","hentry","category-deportes"],"_links":{"self":[{"href":"https:\/\/semanariochilecitotv.com.ar\/index.php\/wp-json\/wp\/v2\/posts\/21980","targetHints":{"allow":["GET"]}}],"collection":[{"href":"https:\/\/semanariochilecitotv.com.ar\/index.php\/wp-json\/wp\/v2\/posts"}],"about":[{"href":"https:\/\/semanariochilecitotv.com.ar\/index.php\/wp-json\/wp\/v2\/types\/post"}],"author":[{"embeddable":true,"href":"https:\/\/semanariochilecitotv.com.ar\/index.php\/wp-json\/wp\/v2\/users\/1"}],"replies":[{"embeddable":true,"href":"https:\/\/semanariochilecitotv.com.ar\/index.php\/wp-json\/wp\/v2\/comments?post=21980"}],"version-history":[{"count":1,"href":"https:\/\/semanariochilecitotv.com.ar\/index.php\/wp-json\/wp\/v2\/posts\/21980\/revisions"}],"predecessor-version":[{"id":21982,"href":"https:\/\/semanariochilecitotv.com.ar\/index.php\/wp-json\/wp\/v2\/posts\/21980\/revisions\/21982"}],"wp:featuredmedia":[{"embeddable":true,"href":"https:\/\/semanariochilecitotv.com.ar\/index.php\/wp-json\/wp\/v2\/media\/21981"}],"wp:attachment":[{"href":"https:\/\/semanariochilecitotv.com.ar\/index.php\/wp-json\/wp\/v2\/media?parent=21980"}],"wp:term":[{"taxonomy":"category","embeddable":true,"href":"https:\/\/semanariochilecitotv.com.ar\/index.php\/wp-json\/wp\/v2\/categories?post=21980"},{"taxonomy":"post_tag","embeddable":true,"href":"https:\/\/semanariochilecitotv.com.ar\/index.php\/wp-json\/wp\/v2\/tags?post=21980"}],"curies":[{"name":"wp","href":"https:\/\/api.w.org\/{rel}","templated":true}]}}