{"id":21978,"date":"2026-03-12T00:18:07","date_gmt":"2026-03-12T00:18:07","guid":{"rendered":"https:\/\/semanariochilecitotv.com.ar\/?p=21978"},"modified":"2026-03-12T00:18:07","modified_gmt":"2026-03-12T00:18:07","slug":"las-lluvias-en-chamical-pusieron-a-prueba-y-confirmaron-el-funcionamiento-de-las-obras-hidricas-provinciales","status":"publish","type":"post","link":"https:\/\/semanariochilecitotv.com.ar\/index.php\/2026\/03\/12\/las-lluvias-en-chamical-pusieron-a-prueba-y-confirmaron-el-funcionamiento-de-las-obras-hidricas-provinciales\/","title":{"rendered":"Las lluvias en Chamical pusieron a prueba y confirmaron el funcionamiento de las obras h\u00eddricas provinciales"},"content":{"rendered":"<p>El ministro de Agua y Energ\u00eda, Adolfo Scaglioni, recorri\u00f3 la obra ejecutada por el Gobierno provincial para prevenir riesgos ante crecidas, proteger a la ciudad y mejorar el aprovechamiento del recurso h\u00eddrico en la regi\u00f3n.<!--more--><\/p>\n<p>En el marco del Plan Estrat\u00e9gico H\u00eddrico que impulsa el gobernador Ricardo Quintela en toda la provincia, el ministro de Agua y Energ\u00eda, Adolfo Scaglioni, recorri\u00f3 la emblem\u00e1tica obra ejecutada en la ciudad de Chamical, con el objetivo de prevenir riesgos ante crecidas, fortalecer el sistema de abastecimiento y optimizar el aprovechamiento del recurso h\u00eddrico tanto para la zona urbana como rural.<\/p>\n<p>Durante la visita de trabajo, realizada junto al secretario de Agua, Edgardo Karam, el ministro record\u00f3 que la intervenci\u00f3n fue encomendada por el gobernador tras la cr\u00edtica situaci\u00f3n que atraves\u00f3 la ciudad hace exactamente un a\u00f1o, cuando una fuerte creciente gener\u00f3 serios da\u00f1os y puso en riesgo a la comunidad.<\/p>\n<p>\u201cEsta es una obra encomendada por el gobernador Ricardo Quintela como consecuencia de una situaci\u00f3n ca\u00f3tica que vivi\u00f3 Chamical hace exactamente un a\u00f1o. Tiene un a\u00f1o de intenso trabajo, realizado con responsabilidad y con el asesoramiento de profesionales para no cometer errores\u201d, expres\u00f3 Scaglioni.<\/p>\n<p>El funcionario explic\u00f3 que el sistema fue dise\u00f1ado con el objetivo de proteger a la ciudad de nuevas crecidas y, al mismo tiempo, aprovechar el agua para fortalecer todo el sistema h\u00eddrico de la regi\u00f3n.<\/p>\n<p>En este sentido, detall\u00f3 que \u201cen aquel momento existi\u00f3 peligro incluso para las vidas humanas. Si una creciente volv\u00eda a ocurrir, podr\u00eda causar mucho da\u00f1o. Por eso esta obra busca primero desviar el agua para que no ingrese a Chamical con la violencia que lleg\u00f3 en aquella oportunidad, luego conducirla hacia el dique de trasvase y, cuando ese trasvase se llena, que contin\u00fae hacia el dique La Aguadita\u201d.<\/p>\n<p>Adem\u00e1s, el ministro explic\u00f3 que el sistema de derivaci\u00f3n cuenta con casi cuarenta kil\u00f3metros de canal, construidos para que el agua excedente del dique pueda abastecer distintas represas de la zona rural.<\/p>\n<p>Obra de gran impacto<\/p>\n<p>Scaglioni remarc\u00f3 que se trata de una obra complementaria de gran impacto, ya que no solo fortalece el abastecimiento de agua potable para la ciudad, sino que tambi\u00e9n mejora las condiciones productivas de los pobladores rurales.<\/p>\n<p>\u201cEsto no solo le permitir\u00e1 a Chamical no tener problemas con el agua potable, sino tambi\u00e9n abastecer a la zona rural con el agua necesaria para la cr\u00eda de animales. Durante muchos a\u00f1os los productores tuvieron que malvender su hacienda por no contar con agua en el momento de la recr\u00eda\u201d, explic\u00f3.<\/p>\n<p>El ministro destac\u00f3 adem\u00e1s el trabajo t\u00e9cnico realizado para reconstruir y mejorar los sistemas da\u00f1ados por la creciente del a\u00f1o pasado.<\/p>\n<p>\u201cLa misma creciente que caus\u00f3 los da\u00f1os se hab\u00eda llevado pr\u00e1cticamente el canal. Con el apoyo de la empresa y del personal del Ministerio lo reconstruimos y hoy vuelve a transportar el caudal necesario hacia el canal de Polco, mientras el excedente contin\u00faa hacia el dique\u201d, se\u00f1al\u00f3.<\/p>\n<p>Asimismo, subray\u00f3 que las acciones realizadas forman parte de una estrategia integral para resolver definitivamente la problem\u00e1tica h\u00eddrica de la regi\u00f3n.<\/p>\n<p>\u201cSe ha trabajado intensamente para que el problema h\u00eddrico de Chamical desaparezca totalmente. No solo en el aspecto natural del agua que llega a la ciudad, sino tambi\u00e9n con obras complementarias como las perforaciones en inmediaciones de Monse\u00f1or Angeleli y el acueducto construido desde el punto de Los Llanos hasta La Cortada\u201d, precis\u00f3.<\/p>\n<p>Finalmente, Scaglioni destac\u00f3 el impacto social de la obra y el compromiso del Gobierno provincial para dar respuestas estructurales a la comunidad.<\/p>\n<p>\u201cEsto realmente emociona, porque hace un a\u00f1o escuch\u00e1bamos el reclamo de la gente por lo que hab\u00eda pasado. Hoy vemos c\u00f3mo las viviendas fueron reconstruidas y c\u00f3mo esta obra funciona perfectamente. Es una obra que beneficia a toda una comunidad\u201d, concluy\u00f3.<\/p>\n","protected":false},"excerpt":{"rendered":"<p>El ministro de Agua y Energ\u00eda, Adolfo Scaglioni, recorri\u00f3 la obra ejecutada por el Gobierno provincial para prevenir riesgos ante crecidas, proteger a la ciudad y mejorar el aprovechamiento del recurso h\u00eddrico en la regi\u00f3n.<\/p>\n","protected":false},"author":1,"featured_media":21974,"comment_status":"closed","ping_status":"closed","sticky":false,"template":"","format":"standard","meta":{"footnotes":""},"categories":[3],"tags":[],"class_list":["post-21978","post","type-post","status-publish","format-standard","has-post-thumbnail","hentry","category-provinciales"],"_links":{"self":[{"href":"https:\/\/semanariochilecitotv.com.ar\/index.php\/wp-json\/wp\/v2\/posts\/21978","targetHints":{"allow":["GET"]}}],"collection":[{"href":"https:\/\/semanariochilecitotv.com.ar\/index.php\/wp-json\/wp\/v2\/posts"}],"about":[{"href":"https:\/\/semanariochilecitotv.com.ar\/index.php\/wp-json\/wp\/v2\/types\/post"}],"author":[{"embeddable":true,"href":"https:\/\/semanariochilecitotv.com.ar\/index.php\/wp-json\/wp\/v2\/users\/1"}],"replies":[{"embeddable":true,"href":"https:\/\/semanariochilecitotv.com.ar\/index.php\/wp-json\/wp\/v2\/comments?post=21978"}],"version-history":[{"count":1,"href":"https:\/\/semanariochilecitotv.com.ar\/index.php\/wp-json\/wp\/v2\/posts\/21978\/revisions"}],"predecessor-version":[{"id":21979,"href":"https:\/\/semanariochilecitotv.com.ar\/index.php\/wp-json\/wp\/v2\/posts\/21978\/revisions\/21979"}],"wp:featuredmedia":[{"embeddable":true,"href":"https:\/\/semanariochilecitotv.com.ar\/index.php\/wp-json\/wp\/v2\/media\/21974"}],"wp:attachment":[{"href":"https:\/\/semanariochilecitotv.com.ar\/index.php\/wp-json\/wp\/v2\/media?parent=21978"}],"wp:term":[{"taxonomy":"category","embeddable":true,"href":"https:\/\/semanariochilecitotv.com.ar\/index.php\/wp-json\/wp\/v2\/categories?post=21978"},{"taxonomy":"post_tag","embeddable":true,"href":"https:\/\/semanariochilecitotv.com.ar\/index.php\/wp-json\/wp\/v2\/tags?post=21978"}],"curies":[{"name":"wp","href":"https:\/\/api.w.org\/{rel}","templated":true}]}}