{"id":21973,"date":"2026-03-12T00:10:55","date_gmt":"2026-03-12T00:10:55","guid":{"rendered":"https:\/\/semanariochilecitotv.com.ar\/?p=21973"},"modified":"2026-03-12T00:13:58","modified_gmt":"2026-03-12T00:13:58","slug":"la-cta-nacional-dialogo-con-quintela-y-planteo-la-necesidad-de-fortalecer-la-unidad-de-los-sectores-populares","status":"publish","type":"post","link":"https:\/\/semanariochilecitotv.com.ar\/index.php\/2026\/03\/12\/la-cta-nacional-dialogo-con-quintela-y-planteo-la-necesidad-de-fortalecer-la-unidad-de-los-sectores-populares\/","title":{"rendered":"La CTA Nacional dialog\u00f3 con Quintela y plante\u00f3 la necesidad de fortalecer la unidad de los sectores populares"},"content":{"rendered":"<p>El secretario general de la CTA, Hugo \u201cCachorro\u201d Godoy, mantuvo una reuni\u00f3n con el gobernador Ricardo Quintela para analizar la situaci\u00f3n nacional y provincial. Durante el encuentro, el dirigente sindical cuestion\u00f3 las pol\u00edticas del gobierno de Javier Milei y destac\u00f3 la necesidad de articular a sindicatos, gobernadores y movimientos sociales para fortalecer la unidad de los sectores populares.<!--more--><\/p>\n<p>El secretario general de la Central de Trabajadores de la Argentina (CTA), Hugo \u201cCachorro\u201d Godoy, mantuvo un encuentro con el gobernador de La Rioja, Ricardo Quintela, con el objetivo de analizar la situaci\u00f3n pol\u00edtica, econ\u00f3mica y social del pa\u00eds, as\u00ed como el contexto provincial.<\/p>\n<p>Tras la reuni\u00f3n con el mandatario riojano, Godoy destac\u00f3 la importancia del encuentro y se\u00f1al\u00f3 que permiti\u00f3 intercambiar miradas sobre el escenario actual.<\/p>\n<p>\u201cHa sido muy importante esta reuni\u00f3n que hemos tenido con el gobernador Ricardo Quintela para analizar la situaci\u00f3n nacional y la situaci\u00f3n provincial. Le expresamos c\u00f3mo la CTA est\u00e1 creciendo en la regi\u00f3n, c\u00f3mo se est\u00e1n integrando nuevas organizaciones y reiteramos que hoy es necesario fortalecer la unidad de los sectores populares, tanto de quienes tenemos representaci\u00f3n social como de quienes tienen representaci\u00f3n institucional, como es el caso de Quintela\u201d, expres\u00f3.<\/p>\n<p>En ese sentido, el dirigente sindical fue cr\u00edtico con las pol\u00edticas del gobierno nacional y sostuvo que \u201cel gobierno de Milei est\u00e1 arrasando el pa\u00eds\u201d.<\/p>\n<p>\u201cNos est\u00e1 llevando a una situaci\u00f3n de conflicto permanente y ha declarado una guerra interna contra los trabajadores y los m\u00e1s pobres. Est\u00e1 boicoteando a las provincias, les quita recursos, discrimina y atenta contra el patrimonio nacional\u201d, afirm\u00f3.<\/p>\n<p>Frente a este escenario, Godoy remarc\u00f3 la necesidad de avanzar en un proceso de articulaci\u00f3n pol\u00edtica y social que permita construir mayor unidad.<\/p>\n<p>\u201cCoincidimos con el gobernador en que es fundamental convocar a los diversos sectores populares. Vamos a tratar de alentar la perspectiva de realizar un encuentro con otros gobernadores, con las tres centrales sindicales, con representantes del Poder Legislativo, intendentes y distintos movimientos sociales, para ir construyendo una unidad que nos permita decirle a este gobierno: basta de entregar el patrimonio nacional\u201d, indic\u00f3.<\/p>\n<p>Defensa del federalismo<\/p>\n<p>Asimismo, valor\u00f3 el rol que, a su entender, viene desempe\u00f1ando el gobierno provincial en defensa del federalismo y de las econom\u00edas regionales.<\/p>\n<p>\u201cHemos coincidido con el gobernador en la tarea que se est\u00e1 desarrollando en esta provincia para defender la soberan\u00eda del pa\u00eds, el sentido federal de las pol\u00edticas p\u00fablicas y los derechos de quienes menos tienen\u201d, subray\u00f3.<\/p>\n<p>En ese marco, consider\u00f3 que \u201cla respuesta del gobernador Quintela es digna y patri\u00f3tica y busca proteger las econom\u00edas regionales\u201d.<\/p>\n<p>\u201cEl federalismo no significa que las provincias se arreglen como puedan. Un federalismo real implica proteger a quienes menos tienen y promover un proyecto nacional. Esa es una tarea en la que est\u00e1 trabajando Quintela y es algo que los trabajadores valoramos y respetamos\u201d, agreg\u00f3.<\/p>\n<p>Por \u00faltimo, Godoy destac\u00f3 la importancia de fortalecer el v\u00ednculo institucional entre la CTA y el gobierno provincial.<\/p>\n<p>\u201cEs importante fortalecer el v\u00ednculo entre el gobierno de la provincia y la CTA de La Rioja, y tambi\u00e9n entre el gobernador y la CTA Nacional, para promover un trabajo conjunto que permita resistir las pol\u00edticas de entrega del patrimonio nacional\u201d, concluy\u00f3.<\/p>\n<p>Del encuentro tambi\u00e9n participaron el secretario de la Gobernaci\u00f3n, Ricardo Herrera, dirigentes de la CTA Aut\u00f3noma de La Rioja, el secretario general de ATE y otras autoridades sindicales y provinciales.<\/p>\n","protected":false},"excerpt":{"rendered":"<p>El secretario general de la CTA, Hugo \u201cCachorro\u201d Godoy, mantuvo una reuni\u00f3n con el gobernador Ricardo Quintela para analizar la situaci\u00f3n nacional y provincial. Durante el encuentro, el dirigente sindical cuestion\u00f3 las pol\u00edticas del gobierno de Javier Milei y destac\u00f3&#8230;<\/p>\n","protected":false},"author":1,"featured_media":21977,"comment_status":"closed","ping_status":"closed","sticky":false,"template":"","format":"standard","meta":{"footnotes":""},"categories":[3],"tags":[],"class_list":["post-21973","post","type-post","status-publish","format-standard","has-post-thumbnail","hentry","category-provinciales"],"_links":{"self":[{"href":"https:\/\/semanariochilecitotv.com.ar\/index.php\/wp-json\/wp\/v2\/posts\/21973","targetHints":{"allow":["GET"]}}],"collection":[{"href":"https:\/\/semanariochilecitotv.com.ar\/index.php\/wp-json\/wp\/v2\/posts"}],"about":[{"href":"https:\/\/semanariochilecitotv.com.ar\/index.php\/wp-json\/wp\/v2\/types\/post"}],"author":[{"embeddable":true,"href":"https:\/\/semanariochilecitotv.com.ar\/index.php\/wp-json\/wp\/v2\/users\/1"}],"replies":[{"embeddable":true,"href":"https:\/\/semanariochilecitotv.com.ar\/index.php\/wp-json\/wp\/v2\/comments?post=21973"}],"version-history":[{"count":1,"href":"https:\/\/semanariochilecitotv.com.ar\/index.php\/wp-json\/wp\/v2\/posts\/21973\/revisions"}],"predecessor-version":[{"id":21975,"href":"https:\/\/semanariochilecitotv.com.ar\/index.php\/wp-json\/wp\/v2\/posts\/21973\/revisions\/21975"}],"wp:featuredmedia":[{"embeddable":true,"href":"https:\/\/semanariochilecitotv.com.ar\/index.php\/wp-json\/wp\/v2\/media\/21977"}],"wp:attachment":[{"href":"https:\/\/semanariochilecitotv.com.ar\/index.php\/wp-json\/wp\/v2\/media?parent=21973"}],"wp:term":[{"taxonomy":"category","embeddable":true,"href":"https:\/\/semanariochilecitotv.com.ar\/index.php\/wp-json\/wp\/v2\/categories?post=21973"},{"taxonomy":"post_tag","embeddable":true,"href":"https:\/\/semanariochilecitotv.com.ar\/index.php\/wp-json\/wp\/v2\/tags?post=21973"}],"curies":[{"name":"wp","href":"https:\/\/api.w.org\/{rel}","templated":true}]}}