{"id":21970,"date":"2026-03-12T00:06:21","date_gmt":"2026-03-12T00:06:21","guid":{"rendered":"https:\/\/semanariochilecitotv.com.ar\/?p=21970"},"modified":"2026-03-12T00:06:21","modified_gmt":"2026-03-12T00:06:21","slug":"quintela-el-rol-de-un-gobernante-es-marcar-un-camino-con-compromiso-y-trabajo","status":"publish","type":"post","link":"https:\/\/semanariochilecitotv.com.ar\/index.php\/2026\/03\/12\/quintela-el-rol-de-un-gobernante-es-marcar-un-camino-con-compromiso-y-trabajo\/","title":{"rendered":"Quintela: \u201cEl rol de un gobernante es marcar un camino con compromiso y trabajo\u201d"},"content":{"rendered":"<p>El gobernador Ricardo Quintela encabez\u00f3 la entrega de 631 tablets destinadas a 102 escuelas primarias que integran la red \u201cRosaritos en Red\u201d. Durante el acto sostuvo que conducir implica fijar un rumbo con convicci\u00f3n y esfuerzo, pero advirti\u00f3 que ese camino debe construirse \u201csin sacrificio para el pueblo\u201d, al tiempo que defendi\u00f3 el federalismo y cuestion\u00f3 la retenci\u00f3n de fondos por parte del Gobierno nacional.<!--more--><\/p>\n<p>En la ma\u00f1ana del mi\u00e9rcoles 11, el gobernador Ricardo Quintela encabez\u00f3 el acto de entrega de 631 tablets destinadas a 102 escuelas primarias que integran la red \u201cRosaritos en Red\u201d, en el marco del Programa de Alfabetizaci\u00f3n Provincial \u201cAprendemos Juntos La Rioja\u201d y del Plan Educativo Provincial Rosario Vera Pe\u00f1aloza.<\/p>\n<p>La actividad se realiz\u00f3 en la Escuela N.\u00ba 396 Caudillos Riojanos de la ciudad Capital. En ese contexto, el mandatario provincial se refiri\u00f3 a la situaci\u00f3n financiera que atraviesan las provincias y marc\u00f3 diferencias con la pol\u00edtica del Gobierno nacional.<\/p>\n<p>Al hacer uso de la palabra, Quintela expres\u00f3 que \u201cLa Rioja est\u00e1 pasando por una situaci\u00f3n particular, aunque ninguna otra provincia est\u00e1 en una situaci\u00f3n diferente. Esto se profundiza porque hay fondos que son propios de la provincia y que no llegan, ya que siguen siendo retenidos de forma deliberada por el Gobierno nacional\u201d.<\/p>\n<p>En ese sentido, explic\u00f3 que esta situaci\u00f3n \u201cgenera dificultades para llevar adelante una administraci\u00f3n ordenada y para distribuir los recursos de la forma m\u00e1s eficiente posible en \u00e1reas como Educaci\u00f3n, Salud, Seguridad y la Administraci\u00f3n P\u00fablica\u201d.<\/p>\n<p>El gobernador sostuvo adem\u00e1s que \u201cla sociedad debe decidir en qu\u00e9 pa\u00eds quiere vivir\u201d, y plante\u00f3 que la discusi\u00f3n no es \u201cde izquierda o de derecha\u201d, sino \u201cde federalismo o de unitarismo\u201d.<\/p>\n<p>\u201cPozo de Vargas no fue la \u00faltima batalla del federalismo; fue la pen\u00faltima, porque la \u00faltima la seguimos librando para garantizar una mirada equitativa de toda la Rep\u00fablica Argentina\u201d, afirm\u00f3.<\/p>\n<p>En referencia a las pol\u00edticas del Gobierno del presidente Javier Milei, el mandatario consult\u00f3 a los presentes si como sociedad \u201cqueremos vivir en un pa\u00eds donde un presidente no se preocupa por garantizar m\u00ednimamente los servicios a la comunidad\u201d. En ese sentido, mencion\u00f3 la eliminaci\u00f3n del incentivo docente y del fondo compensador del salario docente, adem\u00e1s de las dificultades para acceder a servicios como energ\u00eda, agua, conectividad o a la vivienda propia.<\/p>\n<p>\u201cEl gobernante marca un camino, define un objetivo, con convicci\u00f3n, con compromiso, con esfuerzo y con trabajo, pero sin sacrificio para el pueblo, para alcanzar los objetivos que nos proponemos y garantizar m\u00ednimamente una patria justa, libre y soberana\u201d, expres\u00f3.<\/p>\n<p>Asimismo, destac\u00f3 que la raz\u00f3n de ser de un gobernante es trabajar junto a la sociedad para engrandecer al pa\u00eds. \u201cNuestro movimiento quiere gobernar para todos, sin distinci\u00f3n de credo ni de partido pol\u00edtico. Nuestra filosof\u00eda es tender una mano solidaria para incorporar a los sectores vulnerables y garantizar derechos como el acceso a un techo digno o a un salario digno\u201d, asegur\u00f3.<\/p>\n<p>Para finalizar, Quintela subray\u00f3 las potencialidades del pa\u00eds. \u201cArgentina tiene riquezas incalculables y potencialidades que muy pocos pa\u00edses en el planeta poseen. Tenemos los cuatro climas, la cordillera de los Andes con enormes recursos, la Patagonia con hidrocarburos, una de las reservas de agua dulce m\u00e1s importantes del planeta y una enorme potencia agroganadera en la Pampa H\u00fameda. Tambi\u00e9n contamos con una importante producci\u00f3n ganadera y oliv\u00edcola\u201d.<\/p>\n<p>\u201cLa realidad es incontrastable: tenemos todo y, sin embargo, cada d\u00eda estamos peor\u201d, concluy\u00f3.<\/p>\n","protected":false},"excerpt":{"rendered":"<p>El gobernador Ricardo Quintela encabez\u00f3 la entrega de 631 tablets destinadas a 102 escuelas primarias que integran la red \u201cRosaritos en Red\u201d. Durante el acto sostuvo que conducir implica fijar un rumbo con convicci\u00f3n y esfuerzo, pero advirti\u00f3 que ese&#8230;<\/p>\n","protected":false},"author":1,"featured_media":21971,"comment_status":"closed","ping_status":"closed","sticky":false,"template":"","format":"standard","meta":{"footnotes":""},"categories":[13],"tags":[],"class_list":["post-21970","post","type-post","status-publish","format-standard","has-post-thumbnail","hentry","category-educacion"],"_links":{"self":[{"href":"https:\/\/semanariochilecitotv.com.ar\/index.php\/wp-json\/wp\/v2\/posts\/21970","targetHints":{"allow":["GET"]}}],"collection":[{"href":"https:\/\/semanariochilecitotv.com.ar\/index.php\/wp-json\/wp\/v2\/posts"}],"about":[{"href":"https:\/\/semanariochilecitotv.com.ar\/index.php\/wp-json\/wp\/v2\/types\/post"}],"author":[{"embeddable":true,"href":"https:\/\/semanariochilecitotv.com.ar\/index.php\/wp-json\/wp\/v2\/users\/1"}],"replies":[{"embeddable":true,"href":"https:\/\/semanariochilecitotv.com.ar\/index.php\/wp-json\/wp\/v2\/comments?post=21970"}],"version-history":[{"count":1,"href":"https:\/\/semanariochilecitotv.com.ar\/index.php\/wp-json\/wp\/v2\/posts\/21970\/revisions"}],"predecessor-version":[{"id":21972,"href":"https:\/\/semanariochilecitotv.com.ar\/index.php\/wp-json\/wp\/v2\/posts\/21970\/revisions\/21972"}],"wp:featuredmedia":[{"embeddable":true,"href":"https:\/\/semanariochilecitotv.com.ar\/index.php\/wp-json\/wp\/v2\/media\/21971"}],"wp:attachment":[{"href":"https:\/\/semanariochilecitotv.com.ar\/index.php\/wp-json\/wp\/v2\/media?parent=21970"}],"wp:term":[{"taxonomy":"category","embeddable":true,"href":"https:\/\/semanariochilecitotv.com.ar\/index.php\/wp-json\/wp\/v2\/categories?post=21970"},{"taxonomy":"post_tag","embeddable":true,"href":"https:\/\/semanariochilecitotv.com.ar\/index.php\/wp-json\/wp\/v2\/tags?post=21970"}],"curies":[{"name":"wp","href":"https:\/\/api.w.org\/{rel}","templated":true}]}}