{"id":21964,"date":"2026-03-11T23:53:54","date_gmt":"2026-03-11T23:53:54","guid":{"rendered":"https:\/\/semanariochilecitotv.com.ar\/?p=21964"},"modified":"2026-03-11T23:53:54","modified_gmt":"2026-03-11T23:53:54","slug":"siniestro-vial-en-vichigasta-una-menor-resulto-con-fractura-y-fue-trasladada-al-hospital","status":"publish","type":"post","link":"https:\/\/semanariochilecitotv.com.ar\/index.php\/2026\/03\/11\/siniestro-vial-en-vichigasta-una-menor-resulto-con-fractura-y-fue-trasladada-al-hospital\/","title":{"rendered":"SINIESTRO VIAL EN VICHIGASTA: UNA MENOR RESULT\u00d3 CON FRACTURA Y FUE TRASLADADA AL HOSPITAL"},"content":{"rendered":"<p>Un siniestro vial se registr\u00f3 este mi\u00e9rcoles 11 de marzo, alrededor de las 12:00 horas, en la intersecci\u00f3n de avenida San Buenaventura y avenida Amin Yoma, a la altura del barrio Parque Norte de la localidad de Vichigasta.<!--more--><\/p>\n<p>El hecho fue protagonizado por una motocicleta Motomel color negro, conducida por una menor de apellido Romero, de 16 a\u00f1os, quien circulaba de sur a norte por avenida San Buenaventura.<\/p>\n<p>Por causas que se investigan, al llegar a la intersecci\u00f3n mencionada colision\u00f3 con un autom\u00f3vil Renault Sandero color rojo, conducido por Gerardo Flores,\u00a0 de 32 a\u00f1os, quien transitaba de este a oeste por avenida Amin Yoma.<\/p>\n<p>Tras el impacto, se hizo presente personal policial y una ambulancia local, procedi\u00e9ndose al traslado de la conductora del rodado menor al hospital de la ciudad de Chilecito.<\/p>\n<p>De acuerdo al parte m\u00e9dico emitido por la Dra. Adriana Carrizo, la joven presenta fractura de mu\u00f1eca izquierda y politraumatismos, quedando en observaci\u00f3n.<\/p>\n<p>Asimismo, se inform\u00f3 que los test de alcoholemia realizados a ambos conductores arrojaron resultado negativo (0,00 g\/l).<\/p>\n<p>Las actuaciones contin\u00faan a cargo del personal policial interviniente a fin de determinar las circunstancias del siniestro.<\/p>\n","protected":false},"excerpt":{"rendered":"<p>Un siniestro vial se registr\u00f3 este mi\u00e9rcoles 11 de marzo, alrededor de las 12:00 horas, en la intersecci\u00f3n de avenida San Buenaventura y avenida Amin Yoma, a la altura del barrio Parque Norte de la localidad de Vichigasta.<\/p>\n","protected":false},"author":1,"featured_media":21965,"comment_status":"closed","ping_status":"closed","sticky":false,"template":"","format":"standard","meta":{"footnotes":""},"categories":[17],"tags":[],"class_list":["post-21964","post","type-post","status-publish","format-standard","has-post-thumbnail","hentry","category-policiales"],"_links":{"self":[{"href":"https:\/\/semanariochilecitotv.com.ar\/index.php\/wp-json\/wp\/v2\/posts\/21964","targetHints":{"allow":["GET"]}}],"collection":[{"href":"https:\/\/semanariochilecitotv.com.ar\/index.php\/wp-json\/wp\/v2\/posts"}],"about":[{"href":"https:\/\/semanariochilecitotv.com.ar\/index.php\/wp-json\/wp\/v2\/types\/post"}],"author":[{"embeddable":true,"href":"https:\/\/semanariochilecitotv.com.ar\/index.php\/wp-json\/wp\/v2\/users\/1"}],"replies":[{"embeddable":true,"href":"https:\/\/semanariochilecitotv.com.ar\/index.php\/wp-json\/wp\/v2\/comments?post=21964"}],"version-history":[{"count":1,"href":"https:\/\/semanariochilecitotv.com.ar\/index.php\/wp-json\/wp\/v2\/posts\/21964\/revisions"}],"predecessor-version":[{"id":21966,"href":"https:\/\/semanariochilecitotv.com.ar\/index.php\/wp-json\/wp\/v2\/posts\/21964\/revisions\/21966"}],"wp:featuredmedia":[{"embeddable":true,"href":"https:\/\/semanariochilecitotv.com.ar\/index.php\/wp-json\/wp\/v2\/media\/21965"}],"wp:attachment":[{"href":"https:\/\/semanariochilecitotv.com.ar\/index.php\/wp-json\/wp\/v2\/media?parent=21964"}],"wp:term":[{"taxonomy":"category","embeddable":true,"href":"https:\/\/semanariochilecitotv.com.ar\/index.php\/wp-json\/wp\/v2\/categories?post=21964"},{"taxonomy":"post_tag","embeddable":true,"href":"https:\/\/semanariochilecitotv.com.ar\/index.php\/wp-json\/wp\/v2\/tags?post=21964"}],"curies":[{"name":"wp","href":"https:\/\/api.w.org\/{rel}","templated":true}]}}